{"id":3677,"date":"2020-06-04T08:31:25","date_gmt":"2020-06-04T08:31:25","guid":{"rendered":"https:\/\/blogsaverroes.juntadeandalucia.es\/ieslaalgaida\/?p=3677"},"modified":"2020-06-04T08:31:25","modified_gmt":"2020-06-04T08:31:25","slug":"plazos-de-matriculacion","status":"publish","type":"post","link":"https:\/\/blogsaverroes.juntadeandalucia.es\/ieslaalgaida\/plazos-de-matriculacion\/","title":{"rendered":"PLAZOS DE MATRICULACI\u00d3N"},"content":{"rendered":"<p><strong>Plazos de Matriculaci\u00f3n .<\/strong><br \/>\nIMPORTANTE ; S\u00f3lo se matricular\u00e1n los alumnos de 1\u2019 y 2\u2019 de ESO que cursen en Colegios de Educaci\u00f3n Primaria que impartan estos dos cursos de Secundaria. Para todos los dem\u00e1s casos , aqu\u00ed figuran los plazos y procedimientos.<\/p>\n<p>&nbsp;<\/p>\n<p><a href=\"https:\/\/blogsaverroes.juntadeandalucia.es\/ieslaalgaida\/files\/2020\/06\/WhatsApp-Image-2020-06-04-at-10.09.33.jpeg\"><img loading=\"lazy\" decoding=\"async\" class=\"aligncenter wp-image-3679 size-full\" src=\"https:\/\/blogsaverroes.juntadeandalucia.es\/ieslaalgaida\/files\/2020\/06\/WhatsApp-Image-2020-06-04-at-10.09.33.jpeg\" alt=\"\" width=\"1125\" height=\"1030\" srcset=\"https:\/\/blogsaverroes.juntadeandalucia.es\/ieslaalgaida\/files\/2020\/06\/WhatsApp-Image-2020-06-04-at-10.09.33.jpeg 1125w, https:\/\/blogsaverroes.juntadeandalucia.es\/ieslaalgaida\/files\/2020\/06\/WhatsApp-Image-2020-06-04-at-10.09.33-300x275.jpeg 300w, https:\/\/blogsaverroes.juntadeandalucia.es\/ieslaalgaida\/files\/2020\/06\/WhatsApp-Image-2020-06-04-at-10.09.33-768x703.jpeg 768w, https:\/\/blogsaverroes.juntadeandalucia.es\/ieslaalgaida\/files\/2020\/06\/WhatsApp-Image-2020-06-04-at-10.09.33-1024x938.jpeg 1024w, https:\/\/blogsaverroes.juntadeandalucia.es\/ieslaalgaida\/files\/2020\/06\/WhatsApp-Image-2020-06-04-at-10.09.33-24x22.jpeg 24w, https:\/\/blogsaverroes.juntadeandalucia.es\/ieslaalgaida\/files\/2020\/06\/WhatsApp-Image-2020-06-04-at-10.09.33-36x33.jpeg 36w, https:\/\/blogsaverroes.juntadeandalucia.es\/ieslaalgaida\/files\/2020\/06\/WhatsApp-Image-2020-06-04-at-10.09.33-48x44.jpeg 48w\" sizes=\"(max-width: 767px) 89vw, (max-width: 1000px) 54vw, (max-width: 1071px) 543px, 580px\" \/><\/a><\/p>\n","protected":false},"excerpt":{"rendered":"<p>Plazos de Matriculaci\u00f3n . IMPORTANTE ; S\u00f3lo se matricular\u00e1n los alumnos de 1\u2019 y 2\u2019 de ESO que cursen en Colegios de Educaci\u00f3n Primaria que impartan estos dos cursos de Secundaria. Para todos los dem\u00e1s casos , aqu\u00ed figuran los plazos y procedimientos. &nbsp;<\/p>\n","protected":false},"author":4336,"featured_media":0,"comment_status":"open","ping_status":"open","sticky":false,"template":"","format":"standard","meta":{"ngg_post_thumbnail":0,"footnotes":""},"categories":[11909],"tags":[],"aioseo_notices":[],"_links":{"self":[{"href":"https:\/\/blogsaverroes.juntadeandalucia.es\/ieslaalgaida\/wp-json\/wp\/v2\/posts\/3677"}],"collection":[{"href":"https:\/\/blogsaverroes.juntadeandalucia.es\/ieslaalgaida\/wp-json\/wp\/v2\/posts"}],"about":[{"href":"https:\/\/blogsaverroes.juntadeandalucia.es\/ieslaalgaida\/wp-json\/wp\/v2\/types\/post"}],"author":[{"embeddable":true,"href":"https:\/\/blogsaverroes.juntadeandalucia.es\/ieslaalgaida\/wp-json\/wp\/v2\/users\/4336"}],"replies":[{"embeddable":true,"href":"https:\/\/blogsaverroes.juntadeandalucia.es\/ieslaalgaida\/wp-json\/wp\/v2\/comments?post=3677"}],"version-history":[{"count":1,"href":"https:\/\/blogsaverroes.juntadeandalucia.es\/ieslaalgaida\/wp-json\/wp\/v2\/posts\/3677\/revisions"}],"predecessor-version":[{"id":3680,"href":"https:\/\/blogsaverroes.juntadeandalucia.es\/ieslaalgaida\/wp-json\/wp\/v2\/posts\/3677\/revisions\/3680"}],"wp:attachment":[{"href":"https:\/\/blogsaverroes.juntadeandalucia.es\/ieslaalgaida\/wp-json\/wp\/v2\/media?parent=3677"}],"wp:term":[{"taxonomy":"category","embeddable":true,"href":"https:\/\/blogsaverroes.juntadeandalucia.es\/ieslaalgaida\/wp-json\/wp\/v2\/categories?post=3677"},{"taxonomy":"post_tag","embeddable":true,"href":"https:\/\/blogsaverroes.juntadeandalucia.es\/ieslaalgaida\/wp-json\/wp\/v2\/tags?post=3677"}],"curies":[{"name":"wp","href":"https:\/\/api.w.org\/{rel}","templated":true}]}}