{"id":3940,"date":"2020-11-20T17:30:28","date_gmt":"2020-11-20T17:30:28","guid":{"rendered":"https:\/\/blogsaverroes.juntadeandalucia.es\/ieslaalgaida\/?p=3940"},"modified":"2020-11-20T17:30:28","modified_gmt":"2020-11-20T17:30:28","slug":"programa-mus-e","status":"publish","type":"post","link":"https:\/\/blogsaverroes.juntadeandalucia.es\/ieslaalgaida\/programa-mus-e\/","title":{"rendered":"PROGRAMA MUS-E"},"content":{"rendered":"<p><a href=\"https:\/\/blogsaverroes.juntadeandalucia.es\/ieslaalgaida\/files\/2020\/11\/56AD0757-7E96-4C41-87D8-CCF4864F6ABE.png\"><img loading=\"lazy\" decoding=\"async\" class=\"alignnone size-thumbnail wp-image-3941\" src=\"https:\/\/blogsaverroes.juntadeandalucia.es\/ieslaalgaida\/files\/2020\/11\/56AD0757-7E96-4C41-87D8-CCF4864F6ABE-150x150.png\" alt=\"\" width=\"150\" height=\"150\" srcset=\"https:\/\/blogsaverroes.juntadeandalucia.es\/ieslaalgaida\/files\/2020\/11\/56AD0757-7E96-4C41-87D8-CCF4864F6ABE-150x150.png 150w, https:\/\/blogsaverroes.juntadeandalucia.es\/ieslaalgaida\/files\/2020\/11\/56AD0757-7E96-4C41-87D8-CCF4864F6ABE-100x100.png 100w, https:\/\/blogsaverroes.juntadeandalucia.es\/ieslaalgaida\/files\/2020\/11\/56AD0757-7E96-4C41-87D8-CCF4864F6ABE-24x24.png 24w, https:\/\/blogsaverroes.juntadeandalucia.es\/ieslaalgaida\/files\/2020\/11\/56AD0757-7E96-4C41-87D8-CCF4864F6ABE-50x50.png 50w\" sizes=\"(max-width: 150px) 100vw, 150px\" \/><\/a>Estimadas familias :<br \/>\nA partir del lunes 23 de noviembre el IES La Algaida comenzar\u00e1 a desarrollar en 1\u2019 y 2\u2019 de ESO el PROGRAMA MUS-E, destinado a mejorar la inclusi\u00f3n del alumnado mediante la educaci\u00f3n emocional y la expresi\u00f3n art\u00edstica. Estas actividades est\u00e1n desarrolladas por la Fundaci\u00f3n JehudiMenuhin en colaboraci\u00f3n con la Junta de Andaluc\u00eda , y las llevar\u00e1 a cabo el actor Alfonso S\u00e1nchez, profesional de reconocida solvencia en actuaciones con adolescentes en varios centros educativos de la zona. Con ello, el instituto establece un nuevo y original mecanismo para la mejora de la convivencia que se desarrollar\u00e1, por supuesto, dentro de las medidas higi\u00e9nico-preventivas ya conocidas para el control de la Pandemia durante todo el curso.<br \/>\nReciban un cordial saludo .<\/p>\n","protected":false},"excerpt":{"rendered":"<p>Estimadas familias : A partir del lunes 23 de noviembre el IES La Algaida comenzar\u00e1 a desarrollar en 1\u2019 y 2\u2019 de ESO el PROGRAMA MUS-E, destinado a mejorar la inclusi\u00f3n del alumnado mediante la educaci\u00f3n emocional y la expresi\u00f3n art\u00edstica. Estas actividades est\u00e1n desarrolladas por la Fundaci\u00f3n JehudiMenuhin en colaboraci\u00f3n con la Junta de &hellip; <\/p>\n<p class=\"link-more\"><a href=\"https:\/\/blogsaverroes.juntadeandalucia.es\/ieslaalgaida\/programa-mus-e\/\" class=\"more-link\">Continuar leyendo<span class=\"screen-reader-text\"> \u00abPROGRAMA MUS-E\u00bb<\/span><\/a><\/p>\n","protected":false},"author":4336,"featured_media":0,"comment_status":"open","ping_status":"open","sticky":false,"template":"","format":"standard","meta":{"ngg_post_thumbnail":0,"footnotes":""},"categories":[11909],"tags":[],"aioseo_notices":[],"_links":{"self":[{"href":"https:\/\/blogsaverroes.juntadeandalucia.es\/ieslaalgaida\/wp-json\/wp\/v2\/posts\/3940"}],"collection":[{"href":"https:\/\/blogsaverroes.juntadeandalucia.es\/ieslaalgaida\/wp-json\/wp\/v2\/posts"}],"about":[{"href":"https:\/\/blogsaverroes.juntadeandalucia.es\/ieslaalgaida\/wp-json\/wp\/v2\/types\/post"}],"author":[{"embeddable":true,"href":"https:\/\/blogsaverroes.juntadeandalucia.es\/ieslaalgaida\/wp-json\/wp\/v2\/users\/4336"}],"replies":[{"embeddable":true,"href":"https:\/\/blogsaverroes.juntadeandalucia.es\/ieslaalgaida\/wp-json\/wp\/v2\/comments?post=3940"}],"version-history":[{"count":1,"href":"https:\/\/blogsaverroes.juntadeandalucia.es\/ieslaalgaida\/wp-json\/wp\/v2\/posts\/3940\/revisions"}],"predecessor-version":[{"id":3942,"href":"https:\/\/blogsaverroes.juntadeandalucia.es\/ieslaalgaida\/wp-json\/wp\/v2\/posts\/3940\/revisions\/3942"}],"wp:attachment":[{"href":"https:\/\/blogsaverroes.juntadeandalucia.es\/ieslaalgaida\/wp-json\/wp\/v2\/media?parent=3940"}],"wp:term":[{"taxonomy":"category","embeddable":true,"href":"https:\/\/blogsaverroes.juntadeandalucia.es\/ieslaalgaida\/wp-json\/wp\/v2\/categories?post=3940"},{"taxonomy":"post_tag","embeddable":true,"href":"https:\/\/blogsaverroes.juntadeandalucia.es\/ieslaalgaida\/wp-json\/wp\/v2\/tags?post=3940"}],"curies":[{"name":"wp","href":"https:\/\/api.w.org\/{rel}","templated":true}]}}