{"id":4301,"date":"2022-03-08T21:19:54","date_gmt":"2022-03-08T21:19:54","guid":{"rendered":"https:\/\/blogsaverroes.juntadeandalucia.es\/ieslaalgaida\/?p=4301"},"modified":"2022-03-08T21:19:54","modified_gmt":"2022-03-08T21:19:54","slug":"informacion-ampa-2","status":"publish","type":"post","link":"https:\/\/blogsaverroes.juntadeandalucia.es\/ieslaalgaida\/informacion-ampa-2\/","title":{"rendered":"INFORMACI\u00d3N AMPA"},"content":{"rendered":"<figure id=\"attachment_4302\" aria-describedby=\"caption-attachment-4302\" style=\"width: 391px\" class=\"wp-caption aligncenter\"><a href=\"https:\/\/blogsaverroes.juntadeandalucia.es\/ieslaalgaida\/files\/2022\/03\/WhatsApp-Image-2022-03-08-at-21.58.54-rotated.jpeg\"><img loading=\"lazy\" decoding=\"async\" class=\"wp-image-4302\" src=\"https:\/\/blogsaverroes.juntadeandalucia.es\/ieslaalgaida\/files\/2022\/03\/WhatsApp-Image-2022-03-08-at-21.58.54-rotated.jpeg\" alt=\"\" width=\"391\" height=\"293\" srcset=\"https:\/\/blogsaverroes.juntadeandalucia.es\/ieslaalgaida\/files\/2022\/03\/WhatsApp-Image-2022-03-08-at-21.58.54-rotated.jpeg 1600w, https:\/\/blogsaverroes.juntadeandalucia.es\/ieslaalgaida\/files\/2022\/03\/WhatsApp-Image-2022-03-08-at-21.58.54-300x225.jpeg 300w, https:\/\/blogsaverroes.juntadeandalucia.es\/ieslaalgaida\/files\/2022\/03\/WhatsApp-Image-2022-03-08-at-21.58.54-1024x768.jpeg 1024w, https:\/\/blogsaverroes.juntadeandalucia.es\/ieslaalgaida\/files\/2022\/03\/WhatsApp-Image-2022-03-08-at-21.58.54-768x576.jpeg 768w, https:\/\/blogsaverroes.juntadeandalucia.es\/ieslaalgaida\/files\/2022\/03\/WhatsApp-Image-2022-03-08-at-21.58.54-1536x1152.jpeg 1536w\" sizes=\"(max-width: 391px) 100vw, 391px\" \/><\/a><figcaption id=\"caption-attachment-4302\" class=\"wp-caption-text\">Os esperamos en el AMPA del IES La Algaida para que colabor\u00e9is con vuestra firma o para que difund\u00e1is nuestra petici\u00f3n por las redes. Un saludo.<\/figcaption><\/figure>\n<table style=\"border-collapse: collapse;width: 100%\">\n<tbody>\n<tr>\n<td style=\"width: 100%\"><strong>POR UNA EDUCACI\u00d3N P\u00daBLICA DE CALIDAD<\/strong><\/td>\n<\/tr>\n<\/tbody>\n<\/table>\n","protected":false},"excerpt":{"rendered":"<p>POR UNA EDUCACI\u00d3N P\u00daBLICA DE CALIDAD<\/p>\n","protected":false},"author":4336,"featured_media":0,"comment_status":"open","ping_status":"open","sticky":false,"template":"","format":"standard","meta":{"ngg_post_thumbnail":0,"footnotes":""},"categories":[11909],"tags":[],"aioseo_notices":[],"_links":{"self":[{"href":"https:\/\/blogsaverroes.juntadeandalucia.es\/ieslaalgaida\/wp-json\/wp\/v2\/posts\/4301"}],"collection":[{"href":"https:\/\/blogsaverroes.juntadeandalucia.es\/ieslaalgaida\/wp-json\/wp\/v2\/posts"}],"about":[{"href":"https:\/\/blogsaverroes.juntadeandalucia.es\/ieslaalgaida\/wp-json\/wp\/v2\/types\/post"}],"author":[{"embeddable":true,"href":"https:\/\/blogsaverroes.juntadeandalucia.es\/ieslaalgaida\/wp-json\/wp\/v2\/users\/4336"}],"replies":[{"embeddable":true,"href":"https:\/\/blogsaverroes.juntadeandalucia.es\/ieslaalgaida\/wp-json\/wp\/v2\/comments?post=4301"}],"version-history":[{"count":2,"href":"https:\/\/blogsaverroes.juntadeandalucia.es\/ieslaalgaida\/wp-json\/wp\/v2\/posts\/4301\/revisions"}],"predecessor-version":[{"id":4304,"href":"https:\/\/blogsaverroes.juntadeandalucia.es\/ieslaalgaida\/wp-json\/wp\/v2\/posts\/4301\/revisions\/4304"}],"wp:attachment":[{"href":"https:\/\/blogsaverroes.juntadeandalucia.es\/ieslaalgaida\/wp-json\/wp\/v2\/media?parent=4301"}],"wp:term":[{"taxonomy":"category","embeddable":true,"href":"https:\/\/blogsaverroes.juntadeandalucia.es\/ieslaalgaida\/wp-json\/wp\/v2\/categories?post=4301"},{"taxonomy":"post_tag","embeddable":true,"href":"https:\/\/blogsaverroes.juntadeandalucia.es\/ieslaalgaida\/wp-json\/wp\/v2\/tags?post=4301"}],"curies":[{"name":"wp","href":"https:\/\/api.w.org\/{rel}","templated":true}]}}