{"id":2442,"date":"2022-04-08T21:13:15","date_gmt":"2022-04-08T20:13:15","guid":{"rendered":"https:\/\/blogsaverroes.juntadeandalucia.es\/ieslaatalaya\/?p=2442"},"modified":"2023-09-20T16:50:14","modified_gmt":"2023-09-20T15:50:14","slug":"dia-del-libro","status":"publish","type":"post","link":"https:\/\/blogsaverroes.juntadeandalucia.es\/ieslaatalaya\/dia-del-libro\/","title":{"rendered":"D\u00eda del Libro"},"content":{"rendered":"<p>[et_pb_section][et_pb_row][et_pb_column type=&#8221;4_4&#8243;][et_pb_text]<\/p>\n<p>Celebramos el d\u00eda del libro en el IES La Atalaya. El <b>D\u00eda Internacional del Libro<\/b> es una conmemoraci\u00f3n celebrada cada <a title=\"23 de abril\" href=\"https:\/\/es.wikipedia.org\/wiki\/23_de_abril\">23 de abril<\/a> a nivel mundial con el objetivo de fomentar la <a title=\"Lectura\" href=\"https:\/\/es.wikipedia.org\/wiki\/Lectura\">lectura<\/a>, la <a title=\"Edici\u00f3n de libros\" href=\"https:\/\/es.wikipedia.org\/wiki\/Edici%C3%B3n_de_libros\">industria editorial<\/a> y la protecci\u00f3n de la <a title=\"Propiedad intelectual\" href=\"https:\/\/es.wikipedia.org\/wiki\/Propiedad_intelectual\">propiedad intelectual<\/a> por medio del <a title=\"Derecho de autor\" href=\"https:\/\/es.wikipedia.org\/wiki\/Derecho_de_autor\">derecho de autor<\/a>. Desde 1988, es una celebraci\u00f3n internacional promovida por la <a class=\"mw-redirect\" title=\"UNESCO\" href=\"https:\/\/es.wikipedia.org\/wiki\/UNESCO\">UNESCO<\/a>. El <a title=\"15 de junio\" href=\"https:\/\/es.wikipedia.org\/wiki\/15_de_junio\">15 de junio<\/a> de 1989 se inici\u00f3 en varios pa\u00edses, y en 2010 la celebraci\u00f3n ya hab\u00eda alcanzado m\u00e1s de cien. Se trata de un d\u00eda simb\u00f3lico para la literatura mundial, ya que ese d\u00eda, en <a title=\"1616\" href=\"https:\/\/es.wikipedia.org\/wiki\/1616\">1616<\/a>, fallecieron: <a class=\"mw-redirect\" title=\"Cervantes\" href=\"https:\/\/es.wikipedia.org\/wiki\/Cervantes\">Cervantes<\/a>, <a class=\"mw-redirect\" title=\"Shakespeare\" href=\"https:\/\/es.wikipedia.org\/wiki\/Shakespeare\">Shakespeare<\/a> y <a title=\"Inca Garcilaso de la Vega\" href=\"https:\/\/es.wikipedia.org\/wiki\/Inca_Garcilaso_de_la_Vega\">Garcilaso de la Vega<\/a>. La fecha tambi\u00e9n coincide con el nacimiento o la muerte de otros autores prominentes, como <a title=\"Maurice Druon\" href=\"https:\/\/es.wikipedia.org\/wiki\/Maurice_Druon\">Maurice Druon<\/a>, <a title=\"Halld\u00f3r Laxness\" href=\"https:\/\/es.wikipedia.org\/wiki\/Halld%C3%B3r_Laxness\">Haldor K.Laxness<\/a>, <a title=\"Vladimir Nabokov\" href=\"https:\/\/es.wikipedia.org\/wiki\/Vladimir_Nabokov\">Vladimir Nabokov<\/a>, <a title=\"Josep Pla\" href=\"https:\/\/es.wikipedia.org\/wiki\/Josep_Pla\">Josep Pla<\/a>, <a title=\"Manuel Mej\u00eda Vallejo\" href=\"https:\/\/es.wikipedia.org\/wiki\/Manuel_Mej%C3%ADa_Vallejo\">Manuel Mej\u00eda Vallejo<\/a> y <a title=\"William Wordsworth\" href=\"https:\/\/es.wikipedia.org\/wiki\/William_Wordsworth\">William Wordsworth<\/a>. El D\u00eda Internacional del Libro se cre\u00f3 en honor a estos autores fallecidos.<\/p>\n<p>[\/et_pb_text][\/et_pb_column][\/et_pb_row][\/et_pb_section]<\/p>\n","protected":false},"excerpt":{"rendered":"<p><div class=\"et_pb_section et_pb_section_0 et_section_regular\" >\n\t\t\t\t\n\t\t\t\t\n\t\t\t\t\n\t\t\t\t\n\t\t\t\t\n\t\t\t\t\n\t\t\t\t\n\t\t\t\t\n\t\t\t\t\n\t\t\t<\/div><div class=\"et_pb_row et_pb_row_0 et_pb_row_empty\">\n\t\t\t\t\n\t\t\t\t\n\t\t\t\t\n\t\t\t\t\n\t\t\t\t\n\t\t\t<\/div><div class=\"et_pb_module et_pb_text et_pb_text_0  et_pb_text_align_left et_pb_bg_layout_light\">\n\t\t\t\t\n\t\t\t\t\n\t\t\t\t\n\t\t\t\t\n\t\t\t\t\n\t\t\t<\/div> Celebramos el d\u00eda del libro en el IES La Atalaya. El D\u00eda Internacional del Libro es una conmemoraci\u00f3n celebrada cada 23 de abril a nivel mundial con el objetivo de fomentar la lectura, la industria editorial y la protecci\u00f3n de la propiedad intelectual por medio del derecho de autor. Desde 1988, es una celebraci\u00f3n [&hellip;]<\/p>\n","protected":false},"author":13805,"featured_media":2436,"comment_status":"closed","ping_status":"open","sticky":false,"template":"","format":"standard","meta":{"_et_pb_use_builder":"on","_et_pb_old_content":"<p>Celebramos el d\u00eda del libro en el IES La Atalaya. El <b>D\u00eda Internacional del Libro<\/b> es una conmemoraci\u00f3n celebrada cada <a title=\"23 de abril\" href=\"https:\/\/es.wikipedia.org\/wiki\/23_de_abril\">23 de abril<\/a> a nivel mundial con el objetivo de fomentar la <a title=\"Lectura\" href=\"https:\/\/es.wikipedia.org\/wiki\/Lectura\">lectura<\/a>, la <a title=\"Edici\u00f3n de libros\" href=\"https:\/\/es.wikipedia.org\/wiki\/Edici%C3%B3n_de_libros\">industria editorial<\/a> y la protecci\u00f3n de la <a title=\"Propiedad intelectual\" href=\"https:\/\/es.wikipedia.org\/wiki\/Propiedad_intelectual\">propiedad intelectual<\/a> por medio del <a title=\"Derecho de autor\" href=\"https:\/\/es.wikipedia.org\/wiki\/Derecho_de_autor\">derecho de autor<\/a>. Desde 1988, es una celebraci\u00f3n internacional promovida por la <a class=\"mw-redirect\" title=\"UNESCO\" href=\"https:\/\/es.wikipedia.org\/wiki\/UNESCO\">UNESCO<\/a>. El <a title=\"15 de junio\" href=\"https:\/\/es.wikipedia.org\/wiki\/15_de_junio\">15 de junio<\/a> de 1989 se inici\u00f3 en varios pa\u00edses, y en 2010 la celebraci\u00f3n ya hab\u00eda alcanzado m\u00e1s de cien. Se trata de un d\u00eda simb\u00f3lico para la literatura mundial, ya que ese d\u00eda, en <a title=\"1616\" href=\"https:\/\/es.wikipedia.org\/wiki\/1616\">1616<\/a>, fallecieron: <a class=\"mw-redirect\" title=\"Cervantes\" href=\"https:\/\/es.wikipedia.org\/wiki\/Cervantes\">Cervantes<\/a>, <a class=\"mw-redirect\" title=\"Shakespeare\" href=\"https:\/\/es.wikipedia.org\/wiki\/Shakespeare\">Shakespeare<\/a> y <a title=\"Inca Garcilaso de la Vega\" href=\"https:\/\/es.wikipedia.org\/wiki\/Inca_Garcilaso_de_la_Vega\">Garcilaso de la Vega<\/a>. La fecha tambi\u00e9n coincide con el nacimiento o la muerte de otros autores prominentes, como <a title=\"Maurice Druon\" href=\"https:\/\/es.wikipedia.org\/wiki\/Maurice_Druon\">Maurice Druon<\/a>, <a title=\"Halld\u00f3r Laxness\" href=\"https:\/\/es.wikipedia.org\/wiki\/Halld%C3%B3r_Laxness\">Haldor K.Laxness<\/a>, <a title=\"Vladimir Nabokov\" href=\"https:\/\/es.wikipedia.org\/wiki\/Vladimir_Nabokov\">Vladimir Nabokov<\/a>, <a title=\"Josep Pla\" href=\"https:\/\/es.wikipedia.org\/wiki\/Josep_Pla\">Josep Pla<\/a>, <a title=\"Manuel Mej\u00eda Vallejo\" href=\"https:\/\/es.wikipedia.org\/wiki\/Manuel_Mej%C3%ADa_Vallejo\">Manuel Mej\u00eda Vallejo<\/a> y <a title=\"William Wordsworth\" href=\"https:\/\/es.wikipedia.org\/wiki\/William_Wordsworth\">William Wordsworth<\/a>. El D\u00eda Internacional del Libro se cre\u00f3 en honor a estos autores fallecidos.<\/p>","_et_gb_content_width":"","ngg_post_thumbnail":0,"footnotes":""},"categories":[72],"tags":[73],"aioseo_notices":[],"_links":{"self":[{"href":"https:\/\/blogsaverroes.juntadeandalucia.es\/ieslaatalaya\/wp-json\/wp\/v2\/posts\/2442"}],"collection":[{"href":"https:\/\/blogsaverroes.juntadeandalucia.es\/ieslaatalaya\/wp-json\/wp\/v2\/posts"}],"about":[{"href":"https:\/\/blogsaverroes.juntadeandalucia.es\/ieslaatalaya\/wp-json\/wp\/v2\/types\/post"}],"author":[{"embeddable":true,"href":"https:\/\/blogsaverroes.juntadeandalucia.es\/ieslaatalaya\/wp-json\/wp\/v2\/users\/13805"}],"replies":[{"embeddable":true,"href":"https:\/\/blogsaverroes.juntadeandalucia.es\/ieslaatalaya\/wp-json\/wp\/v2\/comments?post=2442"}],"version-history":[{"count":3,"href":"https:\/\/blogsaverroes.juntadeandalucia.es\/ieslaatalaya\/wp-json\/wp\/v2\/posts\/2442\/revisions"}],"predecessor-version":[{"id":2449,"href":"https:\/\/blogsaverroes.juntadeandalucia.es\/ieslaatalaya\/wp-json\/wp\/v2\/posts\/2442\/revisions\/2449"}],"wp:featuredmedia":[{"embeddable":true,"href":"https:\/\/blogsaverroes.juntadeandalucia.es\/ieslaatalaya\/wp-json\/wp\/v2\/media\/2436"}],"wp:attachment":[{"href":"https:\/\/blogsaverroes.juntadeandalucia.es\/ieslaatalaya\/wp-json\/wp\/v2\/media?parent=2442"}],"wp:term":[{"taxonomy":"category","embeddable":true,"href":"https:\/\/blogsaverroes.juntadeandalucia.es\/ieslaatalaya\/wp-json\/wp\/v2\/categories?post=2442"},{"taxonomy":"post_tag","embeddable":true,"href":"https:\/\/blogsaverroes.juntadeandalucia.es\/ieslaatalaya\/wp-json\/wp\/v2\/tags?post=2442"}],"curies":[{"name":"wp","href":"https:\/\/api.w.org\/{rel}","templated":true}]}}