{"id":3568,"date":"2023-10-26T10:56:10","date_gmt":"2023-10-26T09:56:10","guid":{"rendered":"https:\/\/blogsaverroes.juntadeandalucia.es\/ieslaatalaya\/?p=3568"},"modified":"2023-10-26T10:56:10","modified_gmt":"2023-10-26T09:56:10","slug":"criterios-de-calificacion-filosofia-2023-24","status":"publish","type":"post","link":"https:\/\/blogsaverroes.juntadeandalucia.es\/ieslaatalaya\/criterios-de-calificacion-filosofia-2023-24\/","title":{"rendered":"Criterios de calificaci\u00f3n Filosof\u00eda 2023\/24"},"content":{"rendered":"<p>Con el inicio del curso y el cambio normativo que se hace definitivo este curso os dejamos aqu\u00ed los nuevos criterios de calificaci\u00f3n de las materias de nuestro departamento<\/p>\n<p><a href=\"https:\/\/blogsaverroes.juntadeandalucia.es\/ieslaatalaya\/files\/2023\/10\/Dpto-Filosofia-Criterios-de-calificaci\u00f3n_23_24.pdf\">Dpto Filosofia &#8211; Criterios de calificaci\u00f3n_23_24<\/a><\/p>\n","protected":false},"excerpt":{"rendered":"<p>Con el inicio del curso y el cambio normativo que se hace definitivo este curso os dejamos aqu\u00ed los nuevos criterios de calificaci\u00f3n de las materias de nuestro departamento Dpto Filosofia &#8211; Criterios de calificaci\u00f3n_23_24<\/p>\n","protected":false},"author":15762,"featured_media":0,"comment_status":"open","ping_status":"open","sticky":false,"template":"","format":"standard","meta":{"_et_pb_use_builder":"","_et_pb_old_content":"","_et_gb_content_width":"","ngg_post_thumbnail":0,"footnotes":""},"categories":[87,18],"tags":[],"aioseo_notices":[],"_links":{"self":[{"href":"https:\/\/blogsaverroes.juntadeandalucia.es\/ieslaatalaya\/wp-json\/wp\/v2\/posts\/3568"}],"collection":[{"href":"https:\/\/blogsaverroes.juntadeandalucia.es\/ieslaatalaya\/wp-json\/wp\/v2\/posts"}],"about":[{"href":"https:\/\/blogsaverroes.juntadeandalucia.es\/ieslaatalaya\/wp-json\/wp\/v2\/types\/post"}],"author":[{"embeddable":true,"href":"https:\/\/blogsaverroes.juntadeandalucia.es\/ieslaatalaya\/wp-json\/wp\/v2\/users\/15762"}],"replies":[{"embeddable":true,"href":"https:\/\/blogsaverroes.juntadeandalucia.es\/ieslaatalaya\/wp-json\/wp\/v2\/comments?post=3568"}],"version-history":[{"count":1,"href":"https:\/\/blogsaverroes.juntadeandalucia.es\/ieslaatalaya\/wp-json\/wp\/v2\/posts\/3568\/revisions"}],"predecessor-version":[{"id":3570,"href":"https:\/\/blogsaverroes.juntadeandalucia.es\/ieslaatalaya\/wp-json\/wp\/v2\/posts\/3568\/revisions\/3570"}],"wp:attachment":[{"href":"https:\/\/blogsaverroes.juntadeandalucia.es\/ieslaatalaya\/wp-json\/wp\/v2\/media?parent=3568"}],"wp:term":[{"taxonomy":"category","embeddable":true,"href":"https:\/\/blogsaverroes.juntadeandalucia.es\/ieslaatalaya\/wp-json\/wp\/v2\/categories?post=3568"},{"taxonomy":"post_tag","embeddable":true,"href":"https:\/\/blogsaverroes.juntadeandalucia.es\/ieslaatalaya\/wp-json\/wp\/v2\/tags?post=3568"}],"curies":[{"name":"wp","href":"https:\/\/api.w.org\/{rel}","templated":true}]}}