{"id":4169,"date":"2025-11-25T18:22:24","date_gmt":"2025-11-25T17:22:24","guid":{"rendered":"https:\/\/blogsaverroes.juntadeandalucia.es\/ieslaatalaya\/?p=4169"},"modified":"2026-01-21T18:16:12","modified_gmt":"2026-01-21T17:16:12","slug":"performance-el-circulo-del-silencio","status":"publish","type":"post","link":"https:\/\/blogsaverroes.juntadeandalucia.es\/ieslaatalaya\/performance-el-circulo-del-silencio\/","title":{"rendered":"Performance &#8220;El c\u00edrculo del silencio&#8221;"},"content":{"rendered":"<p><strong>ACTIVIDAD DEL PLAN DE IGUALDAD ENTRE HOMBRES Y MUJERES<\/strong><\/p>\n<p>La comunidad educativa del IES La Atalaya se moviliza contra la Violencia de G\u00e9nero poniendo el foco en el entorno de la v\u00edctima. Est\u00e1 en nuestras manos, hombres y mujeres, acabar con esta lacra de asesinatos #25noviembred\u00edainternacionalcontralaviolenciahacialamujer<\/p>\n<div style=\"width: 848px;\" class=\"wp-video\"><!--[if lt IE 9]><script>document.createElement('video');<\/script><![endif]-->\n<video class=\"wp-video-shortcode\" id=\"video-4169-1\" width=\"848\" height=\"480\" preload=\"metadata\" controls=\"controls\"><source type=\"video\/mp4\" src=\"https:\/\/blogsaverroes.juntadeandalucia.es\/ieslaatalaya\/files\/2025\/11\/Performance-25N_25.26.mp4?_=1\" \/><a href=\"https:\/\/blogsaverroes.juntadeandalucia.es\/ieslaatalaya\/files\/2025\/11\/Performance-25N_25.26.mp4\">https:\/\/blogsaverroes.juntadeandalucia.es\/ieslaatalaya\/files\/2025\/11\/Performance-25N_25.26.mp4<\/a><\/video><\/div>\n<p>_________________________________________________________________________________________________________________________<\/p>\n<p>Estas actividades se enmarcan en la semana de lucha contra la violencia de g\u00e9nero y est\u00e1n dentro del plan de igualdad del IES La Atalaya asociado al Pacto de estado contra la Violencia de g\u00e9nero.<\/p>\n<p><a href=\"https:\/\/blogsaverroes.juntadeandalucia.es\/ieslaatalaya\/files\/2025\/11\/Banner-1.png\"><img loading=\"lazy\" decoding=\"async\" class=\"aligncenter size-large wp-image-4151\" src=\"https:\/\/blogsaverroes.juntadeandalucia.es\/ieslaatalaya\/files\/2025\/11\/Banner-1-1024x260.png\" alt=\"\" width=\"1024\" height=\"260\" srcset=\"https:\/\/blogsaverroes.juntadeandalucia.es\/ieslaatalaya\/files\/2025\/11\/Banner-1-980x248.png 980w, https:\/\/blogsaverroes.juntadeandalucia.es\/ieslaatalaya\/files\/2025\/11\/Banner-1-480x122.png 480w\" sizes=\"(min-width: 0px) and (max-width: 480px) 480px, (min-width: 481px) and (max-width: 980px) 980px, (min-width: 981px) 1024px, 100vw\" \/><\/a><\/p>\n","protected":false},"excerpt":{"rendered":"<p>ACTIVIDAD DEL PLAN DE IGUALDAD ENTRE HOMBRES Y MUJERES La comunidad educativa del IES La Atalaya se moviliza contra la Violencia de G\u00e9nero poniendo el foco en el entorno de la v\u00edctima. Est\u00e1 en nuestras manos, hombres y mujeres, acabar con esta lacra de asesinatos #25noviembred\u00edainternacionalcontralaviolenciahacialamujer _________________________________________________________________________________________________________________________ Estas actividades se enmarcan en la semana de [&hellip;]<\/p>\n","protected":false},"author":15762,"featured_media":0,"comment_status":"open","ping_status":"open","sticky":false,"template":"","format":"standard","meta":{"_et_pb_use_builder":"","_et_pb_old_content":"","_et_gb_content_width":"","ngg_post_thumbnail":0,"footnotes":""},"categories":[119,70,131,132,93,3],"tags":[],"aioseo_notices":[],"_links":{"self":[{"href":"https:\/\/blogsaverroes.juntadeandalucia.es\/ieslaatalaya\/wp-json\/wp\/v2\/posts\/4169"}],"collection":[{"href":"https:\/\/blogsaverroes.juntadeandalucia.es\/ieslaatalaya\/wp-json\/wp\/v2\/posts"}],"about":[{"href":"https:\/\/blogsaverroes.juntadeandalucia.es\/ieslaatalaya\/wp-json\/wp\/v2\/types\/post"}],"author":[{"embeddable":true,"href":"https:\/\/blogsaverroes.juntadeandalucia.es\/ieslaatalaya\/wp-json\/wp\/v2\/users\/15762"}],"replies":[{"embeddable":true,"href":"https:\/\/blogsaverroes.juntadeandalucia.es\/ieslaatalaya\/wp-json\/wp\/v2\/comments?post=4169"}],"version-history":[{"count":3,"href":"https:\/\/blogsaverroes.juntadeandalucia.es\/ieslaatalaya\/wp-json\/wp\/v2\/posts\/4169\/revisions"}],"predecessor-version":[{"id":4220,"href":"https:\/\/blogsaverroes.juntadeandalucia.es\/ieslaatalaya\/wp-json\/wp\/v2\/posts\/4169\/revisions\/4220"}],"wp:attachment":[{"href":"https:\/\/blogsaverroes.juntadeandalucia.es\/ieslaatalaya\/wp-json\/wp\/v2\/media?parent=4169"}],"wp:term":[{"taxonomy":"category","embeddable":true,"href":"https:\/\/blogsaverroes.juntadeandalucia.es\/ieslaatalaya\/wp-json\/wp\/v2\/categories?post=4169"},{"taxonomy":"post_tag","embeddable":true,"href":"https:\/\/blogsaverroes.juntadeandalucia.es\/ieslaatalaya\/wp-json\/wp\/v2\/tags?post=4169"}],"curies":[{"name":"wp","href":"https:\/\/api.w.org\/{rel}","templated":true}]}}