{"id":4338,"date":"2026-03-27T08:37:22","date_gmt":"2026-03-27T07:37:22","guid":{"rendered":"https:\/\/blogsaverroes.juntadeandalucia.es\/ieslaatalaya\/?p=4338"},"modified":"2026-04-21T17:37:34","modified_gmt":"2026-04-21T16:37:34","slug":"mujer-y-deporte","status":"publish","type":"post","link":"https:\/\/blogsaverroes.juntadeandalucia.es\/ieslaatalaya\/mujer-y-deporte\/","title":{"rendered":"Mujer y deporte"},"content":{"rendered":"<p>A iniciativa del Departamento de Educaci\u00f3n F\u00edsica y formando parte del Plan de Igualdad de nuestro centro, hemos bautizado el pabell\u00f3n con el nombre de Carolina Mar\u00edn. Con este acto reconocemos la trayectoria profesional de esta gran deportista andaluza y visibilizamos el papel de la mujer en el deporte, confiando que su ejemplo inspire a nuestro alumnado. @carolinamarin te invitamos a conocer nuestro centro cuando quieras.<\/p>\n<div style=\"width: 478px;\" class=\"wp-video\"><!--[if lt IE 9]><script>document.createElement('video');<\/script><![endif]-->\n<video class=\"wp-video-shortcode\" id=\"video-4338-1\" width=\"478\" height=\"850\" preload=\"metadata\" controls=\"controls\"><source type=\"video\/mp4\" src=\"https:\/\/blogsaverroes.juntadeandalucia.es\/ieslaatalaya\/files\/2026\/04\/WhatsApp-Video-2026-03-27-at-13.41.49.mp4?_=1\" \/><a href=\"https:\/\/blogsaverroes.juntadeandalucia.es\/ieslaatalaya\/files\/2026\/04\/WhatsApp-Video-2026-03-27-at-13.41.49.mp4\">https:\/\/blogsaverroes.juntadeandalucia.es\/ieslaatalaya\/files\/2026\/04\/WhatsApp-Video-2026-03-27-at-13.41.49.mp4<\/a><\/video><\/div>\n<p>&nbsp;<\/p>\n<p>&nbsp;<\/p>\n<p>&nbsp;<\/p>\n","protected":false},"excerpt":{"rendered":"<p>A iniciativa del Departamento de Educaci\u00f3n F\u00edsica y formando parte del Plan de Igualdad de nuestro centro, hemos bautizado el pabell\u00f3n con el nombre de Carolina Mar\u00edn. Con este acto reconocemos la trayectoria profesional de esta gran deportista andaluza y visibilizamos el papel de la mujer en el deporte, confiando que su ejemplo inspire a [&hellip;]<\/p>\n","protected":false},"author":15762,"featured_media":0,"comment_status":"open","ping_status":"open","sticky":false,"template":"","format":"video","meta":{"_et_pb_use_builder":"","_et_pb_old_content":"","_et_gb_content_width":"","ngg_post_thumbnail":0,"footnotes":""},"categories":[119,70,9,132,16,93,3],"tags":[],"aioseo_notices":[],"_links":{"self":[{"href":"https:\/\/blogsaverroes.juntadeandalucia.es\/ieslaatalaya\/wp-json\/wp\/v2\/posts\/4338"}],"collection":[{"href":"https:\/\/blogsaverroes.juntadeandalucia.es\/ieslaatalaya\/wp-json\/wp\/v2\/posts"}],"about":[{"href":"https:\/\/blogsaverroes.juntadeandalucia.es\/ieslaatalaya\/wp-json\/wp\/v2\/types\/post"}],"author":[{"embeddable":true,"href":"https:\/\/blogsaverroes.juntadeandalucia.es\/ieslaatalaya\/wp-json\/wp\/v2\/users\/15762"}],"replies":[{"embeddable":true,"href":"https:\/\/blogsaverroes.juntadeandalucia.es\/ieslaatalaya\/wp-json\/wp\/v2\/comments?post=4338"}],"version-history":[{"count":1,"href":"https:\/\/blogsaverroes.juntadeandalucia.es\/ieslaatalaya\/wp-json\/wp\/v2\/posts\/4338\/revisions"}],"predecessor-version":[{"id":4340,"href":"https:\/\/blogsaverroes.juntadeandalucia.es\/ieslaatalaya\/wp-json\/wp\/v2\/posts\/4338\/revisions\/4340"}],"wp:attachment":[{"href":"https:\/\/blogsaverroes.juntadeandalucia.es\/ieslaatalaya\/wp-json\/wp\/v2\/media?parent=4338"}],"wp:term":[{"taxonomy":"category","embeddable":true,"href":"https:\/\/blogsaverroes.juntadeandalucia.es\/ieslaatalaya\/wp-json\/wp\/v2\/categories?post=4338"},{"taxonomy":"post_tag","embeddable":true,"href":"https:\/\/blogsaverroes.juntadeandalucia.es\/ieslaatalaya\/wp-json\/wp\/v2\/tags?post=4338"}],"curies":[{"name":"wp","href":"https:\/\/api.w.org\/{rel}","templated":true}]}}