{"id":1,"date":"2021-02-10T06:52:51","date_gmt":"2021-02-10T06:52:51","guid":{"rendered":"https:\/\/blogsaverroes.juntadeandalucia.es\/ieslabahiafil\/?p=1"},"modified":"2021-02-12T18:23:54","modified_gmt":"2021-02-12T18:23:54","slug":"hola-mundo","status":"publish","type":"post","link":"https:\/\/blogsaverroes.juntadeandalucia.es\/ieslabahiafil\/2021\/02\/10\/hola-mundo\/","title":{"rendered":"Filosof\u00eda"},"content":{"rendered":"<p><img loading=\"lazy\" decoding=\"async\" class=\"aligncenter size-full wp-image-14\" src=\"https:\/\/blogsaverroes.juntadeandalucia.es\/ieslabahiafil\/files\/2021\/02\/filosofia-199x300-1.jpg\" alt=\"\" width=\"199\" height=\"300\"><\/p>\n<p style=\"text-align: justify\">La materia Filosof\u00eda persigue que el alumnado sea capaz de pensar y comprender, abstray\u00e9ndose racionalmente del campo concreto estudiado en cada una de las otras materias, para centrarse en aquello que caracteriza espec\u00edficamente a la filosof\u00eda, esto es, reflexionar, razonar, criticar y argumentar, utilizando el modo de preguntar radical y \u00faltimo que le es propio, sobre los problemas referidos a la totalidad de la vivencia humana, y ello sin dejar de lado su capacidad de transformaci\u00f3n y cambio tanto del individuo como de la sociedad.<\/p>\n<p style=\"text-align: justify\">La Filosof\u00eda es un modo especial de preguntar y de saber, una manera de entender y de enfrentarse a la realidad que nos rodea, a las circunstancias en las que vivimos y que, en gran medida, nos hacen ser y comprender como somos.<\/p>\n","protected":false},"excerpt":{"rendered":"<p>La materia Filosof\u00eda persigue que el alumnado sea capaz de pensar y comprender, abstray\u00e9ndose racionalmente del campo concreto estudiado en&#46;&#46;&#46;<\/p>\n","protected":false},"author":11878,"featured_media":14,"comment_status":"open","ping_status":"open","sticky":false,"template":"","format":"standard","meta":{"ngg_post_thumbnail":0,"footnotes":""},"categories":[1],"tags":[],"aioseo_notices":[],"_links":{"self":[{"href":"https:\/\/blogsaverroes.juntadeandalucia.es\/ieslabahiafil\/wp-json\/wp\/v2\/posts\/1"}],"collection":[{"href":"https:\/\/blogsaverroes.juntadeandalucia.es\/ieslabahiafil\/wp-json\/wp\/v2\/posts"}],"about":[{"href":"https:\/\/blogsaverroes.juntadeandalucia.es\/ieslabahiafil\/wp-json\/wp\/v2\/types\/post"}],"author":[{"embeddable":true,"href":"https:\/\/blogsaverroes.juntadeandalucia.es\/ieslabahiafil\/wp-json\/wp\/v2\/users\/11878"}],"replies":[{"embeddable":true,"href":"https:\/\/blogsaverroes.juntadeandalucia.es\/ieslabahiafil\/wp-json\/wp\/v2\/comments?post=1"}],"version-history":[{"count":2,"href":"https:\/\/blogsaverroes.juntadeandalucia.es\/ieslabahiafil\/wp-json\/wp\/v2\/posts\/1\/revisions"}],"predecessor-version":[{"id":15,"href":"https:\/\/blogsaverroes.juntadeandalucia.es\/ieslabahiafil\/wp-json\/wp\/v2\/posts\/1\/revisions\/15"}],"wp:featuredmedia":[{"embeddable":true,"href":"https:\/\/blogsaverroes.juntadeandalucia.es\/ieslabahiafil\/wp-json\/wp\/v2\/media\/14"}],"wp:attachment":[{"href":"https:\/\/blogsaverroes.juntadeandalucia.es\/ieslabahiafil\/wp-json\/wp\/v2\/media?parent=1"}],"wp:term":[{"taxonomy":"category","embeddable":true,"href":"https:\/\/blogsaverroes.juntadeandalucia.es\/ieslabahiafil\/wp-json\/wp\/v2\/categories?post=1"},{"taxonomy":"post_tag","embeddable":true,"href":"https:\/\/blogsaverroes.juntadeandalucia.es\/ieslabahiafil\/wp-json\/wp\/v2\/tags?post=1"}],"curies":[{"name":"wp","href":"https:\/\/api.w.org\/{rel}","templated":true}]}}