{"id":1,"date":"2021-02-08T07:49:03","date_gmt":"2021-02-08T07:49:03","guid":{"rendered":"https:\/\/blogsaverroes.juntadeandalucia.es\/ieslabahiamat\/?p=1"},"modified":"2025-10-13T17:17:14","modified_gmt":"2025-10-13T17:17:14","slug":"departamento-de-matematicas-curso-2020-2021","status":"publish","type":"post","link":"https:\/\/blogsaverroes.juntadeandalucia.es\/ieslabahiamat\/2021\/02\/08\/departamento-de-matematicas-curso-2020-2021\/","title":{"rendered":"Departamento de Matem\u00e1ticas. Curso 2020 &#8211; 2021"},"content":{"rendered":"<p style=\"text-align: justify\"><span style=\"font-family: georgia, palatino, serif\"><span style=\"font-size: 12pt\">Personal docente perteneciente al Departamento de Matem\u00e1ticas durante el curso 2020\/2021: <\/span><\/span><span style=\"font-family: georgia, palatino, serif\"><span style=\"font-size: 12pt\">M\u00aa Isabel Vilarrub\u00ed V\u00e1zquez, <\/span><\/span><span style=\"font-family: georgia, palatino, serif\"><span style=\"font-size: 12pt\">\u00c1frica Cano Iglesias, <\/span><\/span><span style=\"font-family: georgia, palatino, serif\"><span style=\"font-size: 12pt\">Francisco Ortus Escudier, <\/span><\/span><span style=\"font-family: georgia, palatino, serif\"><span style=\"font-size: 12pt\">Jaime Ripalda Andrades, <\/span><\/span><span style=\"font-family: georgia, palatino, serif\"><span style=\"font-size: 12pt\">Ignacio Gratac\u00f3s Pascual, <\/span><\/span><span style=\"font-family: georgia, palatino, serif\"><span style=\"font-size: 12pt\">Roc\u00edo Falc\u00f3n Lebrero, <\/span><\/span><span style=\"font-family: sans-serif\"><span style=\"font-size: medium\"><span style=\"font-family: georgia, palatino, serif\"><span style=\"font-size: 12pt\">M\u00aa del Carmen Palacios Garc\u00eda, <\/span><\/span><\/span><\/span><span style=\"font-family: sans-serif\"><span style=\"font-size: medium\"><span style=\"font-family: georgia, palatino, serif\"><span style=\"font-size: 12pt\">M\u00aa del Pilar De La Pe\u00f1a Li\u00f1\u00e1n y <\/span><\/span><\/span><\/span>Germ\u00e1n Leal Gallo.<\/p>\n","protected":false},"excerpt":{"rendered":"<p>Personal docente perteneciente al Departamento de Matem\u00e1ticas durante el curso 2020\/2021: M\u00aa Isabel Vilarrub\u00ed V\u00e1zquez,&#46;&#46;&#46;<\/p>\n","protected":false},"author":11878,"featured_media":706,"comment_status":"open","ping_status":"open","sticky":false,"template":"","format":"standard","meta":{"ngg_post_thumbnail":0,"footnotes":""},"categories":[1],"tags":[],"aioseo_notices":[],"_links":{"self":[{"href":"https:\/\/blogsaverroes.juntadeandalucia.es\/ieslabahiamat\/wp-json\/wp\/v2\/posts\/1"}],"collection":[{"href":"https:\/\/blogsaverroes.juntadeandalucia.es\/ieslabahiamat\/wp-json\/wp\/v2\/posts"}],"about":[{"href":"https:\/\/blogsaverroes.juntadeandalucia.es\/ieslabahiamat\/wp-json\/wp\/v2\/types\/post"}],"author":[{"embeddable":true,"href":"https:\/\/blogsaverroes.juntadeandalucia.es\/ieslabahiamat\/wp-json\/wp\/v2\/users\/11878"}],"replies":[{"embeddable":true,"href":"https:\/\/blogsaverroes.juntadeandalucia.es\/ieslabahiamat\/wp-json\/wp\/v2\/comments?post=1"}],"version-history":[{"count":27,"href":"https:\/\/blogsaverroes.juntadeandalucia.es\/ieslabahiamat\/wp-json\/wp\/v2\/posts\/1\/revisions"}],"predecessor-version":[{"id":579,"href":"https:\/\/blogsaverroes.juntadeandalucia.es\/ieslabahiamat\/wp-json\/wp\/v2\/posts\/1\/revisions\/579"}],"wp:featuredmedia":[{"embeddable":true,"href":"https:\/\/blogsaverroes.juntadeandalucia.es\/ieslabahiamat\/wp-json\/wp\/v2\/media\/706"}],"wp:attachment":[{"href":"https:\/\/blogsaverroes.juntadeandalucia.es\/ieslabahiamat\/wp-json\/wp\/v2\/media?parent=1"}],"wp:term":[{"taxonomy":"category","embeddable":true,"href":"https:\/\/blogsaverroes.juntadeandalucia.es\/ieslabahiamat\/wp-json\/wp\/v2\/categories?post=1"},{"taxonomy":"post_tag","embeddable":true,"href":"https:\/\/blogsaverroes.juntadeandalucia.es\/ieslabahiamat\/wp-json\/wp\/v2\/tags?post=1"}],"curies":[{"name":"wp","href":"https:\/\/api.w.org\/{rel}","templated":true}]}}