{"id":573,"date":"2023-09-02T07:26:02","date_gmt":"2023-09-02T07:26:02","guid":{"rendered":"https:\/\/blogsaverroes.juntadeandalucia.es\/ieslabahiamat\/?p=573"},"modified":"2025-09-08T07:28:27","modified_gmt":"2025-09-08T07:28:27","slug":"departamento-de-matematicas-curso-2023-2024","status":"publish","type":"post","link":"https:\/\/blogsaverroes.juntadeandalucia.es\/ieslabahiamat\/2023\/09\/02\/departamento-de-matematicas-curso-2023-2024\/","title":{"rendered":"Departamento de Matem\u00e1ticas. Curso 2023 &#8211; 2024"},"content":{"rendered":"<p style=\"text-align: justify\">Personal docente perteneciente al Departamento de Matem\u00e1ticas durante el curso 2023\/2024: Araceli Avellano Garc\u00eda, \u00c1frica Cano Iglesias, Sonia Casta\u00f1eda Rivero, Roc\u00edo Falc\u00f3n Lebrero (sustituida por M\u00aa Teresa Zamora Garc\u00eda), Virginia Jaenal Mart\u00ednez, Germ\u00e1n Leal Gallo, Lorena G\u00f3mez L\u00f3pez-Brea, Francisco Ortus Escudier, Mar\u00eda del Carmen Palacios Garc\u00eda, Jaime Ripalda Andrades (sustituido por Sonia Jim\u00e9nez Linares) y Francisco Javier Traverso Garc\u00eda (sustituido por Gemma L\u00f3pez Leal).<\/p>\n","protected":false},"excerpt":{"rendered":"<p>Personal docente perteneciente al Departamento de Matem\u00e1ticas durante el curso 2023\/2024: Araceli Avellano Garc\u00eda, \u00c1frica&#46;&#46;&#46;<\/p>\n","protected":false},"author":12306,"featured_media":706,"comment_status":"closed","ping_status":"open","sticky":false,"template":"","format":"standard","meta":{"ngg_post_thumbnail":0,"footnotes":""},"categories":[1],"tags":[],"aioseo_notices":[],"_links":{"self":[{"href":"https:\/\/blogsaverroes.juntadeandalucia.es\/ieslabahiamat\/wp-json\/wp\/v2\/posts\/573"}],"collection":[{"href":"https:\/\/blogsaverroes.juntadeandalucia.es\/ieslabahiamat\/wp-json\/wp\/v2\/posts"}],"about":[{"href":"https:\/\/blogsaverroes.juntadeandalucia.es\/ieslabahiamat\/wp-json\/wp\/v2\/types\/post"}],"author":[{"embeddable":true,"href":"https:\/\/blogsaverroes.juntadeandalucia.es\/ieslabahiamat\/wp-json\/wp\/v2\/users\/12306"}],"replies":[{"embeddable":true,"href":"https:\/\/blogsaverroes.juntadeandalucia.es\/ieslabahiamat\/wp-json\/wp\/v2\/comments?post=573"}],"version-history":[{"count":10,"href":"https:\/\/blogsaverroes.juntadeandalucia.es\/ieslabahiamat\/wp-json\/wp\/v2\/posts\/573\/revisions"}],"predecessor-version":[{"id":705,"href":"https:\/\/blogsaverroes.juntadeandalucia.es\/ieslabahiamat\/wp-json\/wp\/v2\/posts\/573\/revisions\/705"}],"wp:featuredmedia":[{"embeddable":true,"href":"https:\/\/blogsaverroes.juntadeandalucia.es\/ieslabahiamat\/wp-json\/wp\/v2\/media\/706"}],"wp:attachment":[{"href":"https:\/\/blogsaverroes.juntadeandalucia.es\/ieslabahiamat\/wp-json\/wp\/v2\/media?parent=573"}],"wp:term":[{"taxonomy":"category","embeddable":true,"href":"https:\/\/blogsaverroes.juntadeandalucia.es\/ieslabahiamat\/wp-json\/wp\/v2\/categories?post=573"},{"taxonomy":"post_tag","embeddable":true,"href":"https:\/\/blogsaverroes.juntadeandalucia.es\/ieslabahiamat\/wp-json\/wp\/v2\/tags?post=573"}],"curies":[{"name":"wp","href":"https:\/\/api.w.org\/{rel}","templated":true}]}}