{"id":10019,"date":"2024-06-14T09:43:09","date_gmt":"2024-06-14T07:43:09","guid":{"rendered":"https:\/\/blogsaverroes.juntadeandalucia.es\/ieslagranja\/?p=10019"},"modified":"2024-06-14T09:43:09","modified_gmt":"2024-06-14T07:43:09","slug":"erasmus-erasmus-modalidad-corta-de-alumnado-de-ciclo-medio","status":"publish","type":"post","link":"https:\/\/blogsaverroes.juntadeandalucia.es\/ieslagranja\/erasmus-erasmus-modalidad-corta-de-alumnado-de-ciclo-medio\/","title":{"rendered":"Erasmus+: Erasmus modalidad corta de alumnado de Ciclo Medio"},"content":{"rendered":"<p>Ya hemos iniciado una nueva movilidad dentro del Proyecto de Grado Medio 2023-1-ES01-K121-VET-000125023. En esta ocasi\u00f3n la movilidad est\u00e1 dentro de las modalidades de corta duraci\u00f3n (31 d\u00edas) y el destino Florencia (Italia).<\/p>\n<p>Las alumnas Mar\u00eda del Mar Reyes (CAE), Mar\u00eda Coronil (CAE), Aitana L\u00f3pez (Farmacia), Mercedes Rosado (CAE) y Candelaria Pilar Santana (Jardiner\u00eda y Florister\u00eda), junto con la profesora acompa\u00f1ante Leyre Mu\u00f1oz, han partido este martes 4 de junio para vivir una aventura formativa y personal en una de las ciudades m\u00e1s bonitas de Italia.<\/p>\n<p style=\"text-align: center\"><a href=\"https:\/\/blogsaverroes.juntadeandalucia.es\/ieslagranja\/files\/2024\/06\/e2.jpg\"><img loading=\"lazy\" decoding=\"async\" class=\"alignnone size-full wp-image-10020\" src=\"https:\/\/blogsaverroes.juntadeandalucia.es\/ieslagranja\/files\/2024\/06\/e2.jpg\" alt=\"\" width=\"522\" height=\"695\" srcset=\"https:\/\/blogsaverroes.juntadeandalucia.es\/ieslagranja\/files\/2024\/06\/e2.jpg 522w, https:\/\/blogsaverroes.juntadeandalucia.es\/ieslagranja\/files\/2024\/06\/e2-225x300.jpg 225w\" sizes=\"(max-width: 522px) 100vw, 522px\" \/><\/a> <a href=\"https:\/\/blogsaverroes.juntadeandalucia.es\/ieslagranja\/files\/2024\/06\/e3.jpg\"><img loading=\"lazy\" decoding=\"async\" class=\"alignnone size-full wp-image-10021\" src=\"https:\/\/blogsaverroes.juntadeandalucia.es\/ieslagranja\/files\/2024\/06\/e3.jpg\" alt=\"\" width=\"692\" height=\"520\" srcset=\"https:\/\/blogsaverroes.juntadeandalucia.es\/ieslagranja\/files\/2024\/06\/e3.jpg 692w, https:\/\/blogsaverroes.juntadeandalucia.es\/ieslagranja\/files\/2024\/06\/e3-300x225.jpg 300w\" sizes=\"(max-width: 692px) 100vw, 692px\" \/><\/a><\/p>\n<p><a href=\"https:\/\/blogsaverroes.juntadeandalucia.es\/ieslagranja\/files\/2022\/06\/erasmus-cofinanciado-texto.jpg\"><img loading=\"lazy\" decoding=\"async\" class=\"alignnone size-full wp-image-6399\" src=\"https:\/\/blogsaverroes.juntadeandalucia.es\/ieslagranja\/files\/2022\/06\/erasmus-cofinanciado-texto.jpg\" alt=\"\" width=\"708\" height=\"150\" srcset=\"https:\/\/blogsaverroes.juntadeandalucia.es\/ieslagranja\/files\/2022\/06\/erasmus-cofinanciado-texto.jpg 708w, https:\/\/blogsaverroes.juntadeandalucia.es\/ieslagranja\/files\/2022\/06\/erasmus-cofinanciado-texto-300x64.jpg 300w\" sizes=\"(max-width: 708px) 100vw, 708px\" \/><\/a> <a href=\"https:\/\/blogsaverroes.juntadeandalucia.es\/ieslagranja\/files\/2022\/06\/erasmus-confinanciado2.png\"><img loading=\"lazy\" decoding=\"async\" class=\"alignnone size-large wp-image-6396\" src=\"https:\/\/blogsaverroes.juntadeandalucia.es\/ieslagranja\/files\/2022\/06\/erasmus-confinanciado2-1024x640.png\" alt=\"\" width=\"1024\" height=\"640\" srcset=\"https:\/\/blogsaverroes.juntadeandalucia.es\/ieslagranja\/files\/2022\/06\/erasmus-confinanciado2-1024x640.png 1024w, https:\/\/blogsaverroes.juntadeandalucia.es\/ieslagranja\/files\/2022\/06\/erasmus-confinanciado2-300x188.png 300w, https:\/\/blogsaverroes.juntadeandalucia.es\/ieslagranja\/files\/2022\/06\/erasmus-confinanciado2-768x480.png 768w, https:\/\/blogsaverroes.juntadeandalucia.es\/ieslagranja\/files\/2022\/06\/erasmus-confinanciado2-1536x960.png 1536w, https:\/\/blogsaverroes.juntadeandalucia.es\/ieslagranja\/files\/2022\/06\/erasmus-confinanciado2.png 1600w\" sizes=\"(max-width: 1024px) 100vw, 1024px\" \/><\/a><\/p>\n","protected":false},"excerpt":{"rendered":"<p>Ya hemos iniciado una nueva movilidad dentro del Proyecto de Grado Medio 2023-1-ES01-K121-VET-000125023. En esta ocasi\u00f3n la movilidad est\u00e1 dentro de las modalidades de corta duraci\u00f3n (31 d\u00edas) y el destino Florencia (Italia). Las&#46;&#46;&#46;<\/p>\n","protected":false},"author":11116,"featured_media":10021,"comment_status":"closed","ping_status":"closed","sticky":false,"template":"","format":"standard","meta":{"ngg_post_thumbnail":0,"footnotes":""},"categories":[2351653,2351693],"tags":[],"aioseo_notices":[],"_links":{"self":[{"href":"https:\/\/blogsaverroes.juntadeandalucia.es\/ieslagranja\/wp-json\/wp\/v2\/posts\/10019"}],"collection":[{"href":"https:\/\/blogsaverroes.juntadeandalucia.es\/ieslagranja\/wp-json\/wp\/v2\/posts"}],"about":[{"href":"https:\/\/blogsaverroes.juntadeandalucia.es\/ieslagranja\/wp-json\/wp\/v2\/types\/post"}],"author":[{"embeddable":true,"href":"https:\/\/blogsaverroes.juntadeandalucia.es\/ieslagranja\/wp-json\/wp\/v2\/users\/11116"}],"replies":[{"embeddable":true,"href":"https:\/\/blogsaverroes.juntadeandalucia.es\/ieslagranja\/wp-json\/wp\/v2\/comments?post=10019"}],"version-history":[{"count":1,"href":"https:\/\/blogsaverroes.juntadeandalucia.es\/ieslagranja\/wp-json\/wp\/v2\/posts\/10019\/revisions"}],"predecessor-version":[{"id":10022,"href":"https:\/\/blogsaverroes.juntadeandalucia.es\/ieslagranja\/wp-json\/wp\/v2\/posts\/10019\/revisions\/10022"}],"wp:featuredmedia":[{"embeddable":true,"href":"https:\/\/blogsaverroes.juntadeandalucia.es\/ieslagranja\/wp-json\/wp\/v2\/media\/10021"}],"wp:attachment":[{"href":"https:\/\/blogsaverroes.juntadeandalucia.es\/ieslagranja\/wp-json\/wp\/v2\/media?parent=10019"}],"wp:term":[{"taxonomy":"category","embeddable":true,"href":"https:\/\/blogsaverroes.juntadeandalucia.es\/ieslagranja\/wp-json\/wp\/v2\/categories?post=10019"},{"taxonomy":"post_tag","embeddable":true,"href":"https:\/\/blogsaverroes.juntadeandalucia.es\/ieslagranja\/wp-json\/wp\/v2\/tags?post=10019"}],"curies":[{"name":"wp","href":"https:\/\/api.w.org\/{rel}","templated":true}]}}