{"id":10178,"date":"2024-09-27T16:53:28","date_gmt":"2024-09-27T14:53:28","guid":{"rendered":"https:\/\/blogsaverroes.juntadeandalucia.es\/ieslagranja\/?p=10178"},"modified":"2024-09-27T17:44:23","modified_gmt":"2024-09-27T15:44:23","slug":"ii-jornadas-erasmus-fp","status":"publish","type":"post","link":"https:\/\/blogsaverroes.juntadeandalucia.es\/ieslagranja\/ii-jornadas-erasmus-fp\/","title":{"rendered":"II JORNADAS ERASMUS FP"},"content":{"rendered":"<p>Durante los d\u00edas 1, 2 y 3 de octubre de 2024, se celebrar\u00e1n las II Jornadas ERASMUS FP, donde se informar\u00e1 al alumnado de Ciclos y FPG B\u00e1sica sobre las caracter\u00edsticas de los programas Erasmus. <a href=\"https:\/\/blogsaverroes.juntadeandalucia.es\/ieslagranja\/files\/2024\/09\/II-Jornadas-ERASMUS_definitivo.pdf\">M\u00e1s informaci\u00f3n<\/a>.<\/p>\n<p style=\"text-align: center\"><a href=\"https:\/\/blogsaverroes.juntadeandalucia.es\/ieslagranja\/files\/2022\/06\/erasmus-confinanciado2.png\"><img loading=\"lazy\" decoding=\"async\" class=\"alignnone size-large wp-image-6396\" src=\"https:\/\/blogsaverroes.juntadeandalucia.es\/ieslagranja\/files\/2022\/06\/erasmus-confinanciado2-1024x640.png\" alt=\"\" width=\"1024\" height=\"640\" srcset=\"https:\/\/blogsaverroes.juntadeandalucia.es\/ieslagranja\/files\/2022\/06\/erasmus-confinanciado2-1024x640.png 1024w, https:\/\/blogsaverroes.juntadeandalucia.es\/ieslagranja\/files\/2022\/06\/erasmus-confinanciado2-300x188.png 300w, https:\/\/blogsaverroes.juntadeandalucia.es\/ieslagranja\/files\/2022\/06\/erasmus-confinanciado2-768x480.png 768w, https:\/\/blogsaverroes.juntadeandalucia.es\/ieslagranja\/files\/2022\/06\/erasmus-confinanciado2-1536x960.png 1536w, https:\/\/blogsaverroes.juntadeandalucia.es\/ieslagranja\/files\/2022\/06\/erasmus-confinanciado2.png 1600w\" sizes=\"(max-width: 1024px) 100vw, 1024px\" \/><\/a> <a href=\"https:\/\/blogsaverroes.juntadeandalucia.es\/ieslagranja\/files\/2022\/06\/erasmus-cofinanciado-texto.jpg\"><img loading=\"lazy\" decoding=\"async\" class=\"alignnone size-full wp-image-6399\" src=\"https:\/\/blogsaverroes.juntadeandalucia.es\/ieslagranja\/files\/2022\/06\/erasmus-cofinanciado-texto.jpg\" alt=\"\" width=\"708\" height=\"150\" srcset=\"https:\/\/blogsaverroes.juntadeandalucia.es\/ieslagranja\/files\/2022\/06\/erasmus-cofinanciado-texto.jpg 708w, https:\/\/blogsaverroes.juntadeandalucia.es\/ieslagranja\/files\/2022\/06\/erasmus-cofinanciado-texto-300x64.jpg 300w\" sizes=\"(max-width: 708px) 100vw, 708px\" \/><\/a><\/p>\n<p style=\"text-align: center\">&nbsp;<\/p>\n","protected":false},"excerpt":{"rendered":"<p>Durante los d\u00edas 1, 2 y 3 de octubre de 2024, se celebrar\u00e1n las II Jornadas ERASMUS FP, donde se informar\u00e1 al alumnado de Ciclos y FPG B\u00e1sica sobre las caracter\u00edsticas de los programas&#46;&#46;&#46;<\/p>\n","protected":false},"author":11116,"featured_media":10179,"comment_status":"closed","ping_status":"closed","sticky":false,"template":"","format":"standard","meta":{"ngg_post_thumbnail":0,"footnotes":""},"categories":[2351653,526],"tags":[],"aioseo_notices":[],"_links":{"self":[{"href":"https:\/\/blogsaverroes.juntadeandalucia.es\/ieslagranja\/wp-json\/wp\/v2\/posts\/10178"}],"collection":[{"href":"https:\/\/blogsaverroes.juntadeandalucia.es\/ieslagranja\/wp-json\/wp\/v2\/posts"}],"about":[{"href":"https:\/\/blogsaverroes.juntadeandalucia.es\/ieslagranja\/wp-json\/wp\/v2\/types\/post"}],"author":[{"embeddable":true,"href":"https:\/\/blogsaverroes.juntadeandalucia.es\/ieslagranja\/wp-json\/wp\/v2\/users\/11116"}],"replies":[{"embeddable":true,"href":"https:\/\/blogsaverroes.juntadeandalucia.es\/ieslagranja\/wp-json\/wp\/v2\/comments?post=10178"}],"version-history":[{"count":3,"href":"https:\/\/blogsaverroes.juntadeandalucia.es\/ieslagranja\/wp-json\/wp\/v2\/posts\/10178\/revisions"}],"predecessor-version":[{"id":10183,"href":"https:\/\/blogsaverroes.juntadeandalucia.es\/ieslagranja\/wp-json\/wp\/v2\/posts\/10178\/revisions\/10183"}],"wp:featuredmedia":[{"embeddable":true,"href":"https:\/\/blogsaverroes.juntadeandalucia.es\/ieslagranja\/wp-json\/wp\/v2\/media\/10179"}],"wp:attachment":[{"href":"https:\/\/blogsaverroes.juntadeandalucia.es\/ieslagranja\/wp-json\/wp\/v2\/media?parent=10178"}],"wp:term":[{"taxonomy":"category","embeddable":true,"href":"https:\/\/blogsaverroes.juntadeandalucia.es\/ieslagranja\/wp-json\/wp\/v2\/categories?post=10178"},{"taxonomy":"post_tag","embeddable":true,"href":"https:\/\/blogsaverroes.juntadeandalucia.es\/ieslagranja\/wp-json\/wp\/v2\/tags?post=10178"}],"curies":[{"name":"wp","href":"https:\/\/api.w.org\/{rel}","templated":true}]}}