{"id":10288,"date":"2024-11-05T13:12:27","date_gmt":"2024-11-05T11:12:27","guid":{"rendered":"https:\/\/blogsaverroes.juntadeandalucia.es\/ieslagranja\/?p=10288"},"modified":"2024-11-05T13:13:29","modified_gmt":"2024-11-05T11:13:29","slug":"10288-2","status":"publish","type":"post","link":"https:\/\/blogsaverroes.juntadeandalucia.es\/ieslagranja\/10288-2\/","title":{"rendered":"24 de octubre: D\u00eda de las Bibliotecas"},"content":{"rendered":"<p style=\"text-align: justify\">El pasado 24 de octubre celebramos en la Biblioteca del IES La Granja el D\u00eda de las bibliotecas. La actividad consisti\u00f3 en un recital de poes\u00eda, donde alumnos y alumnas de 2\u00ba y 3\u00ba de ESO recitaron poemas de Antonio Machado, Gloria Fuertes, Julio Cort\u00e1zar o Federico Garc\u00eda Lorca, entre otros autores y autoras, y tambi\u00e9n alguno propio. Participaron en la actividad en torno a 40 alumnos, acompa\u00f1ados de sus profesores. Juntos disfrutaron de la poes\u00eda y de la biblioteca de una manera muy especial. Tras finalizar el acto, se hizo entrega de un diploma a cada uno de los participantes.<\/p>\n<p><a href=\"https:\/\/blogsaverroes.juntadeandalucia.es\/ieslagranja\/files\/2024\/11\/20.jpeg\"><img loading=\"lazy\" decoding=\"async\" class=\"alignnone size-large wp-image-10289\" src=\"https:\/\/blogsaverroes.juntadeandalucia.es\/ieslagranja\/files\/2024\/11\/20-1024x576.jpeg\" alt=\"\" width=\"1024\" height=\"576\" srcset=\"https:\/\/blogsaverroes.juntadeandalucia.es\/ieslagranja\/files\/2024\/11\/20-1024x576.jpeg 1024w, https:\/\/blogsaverroes.juntadeandalucia.es\/ieslagranja\/files\/2024\/11\/20-300x169.jpeg 300w, https:\/\/blogsaverroes.juntadeandalucia.es\/ieslagranja\/files\/2024\/11\/20-768x432.jpeg 768w, https:\/\/blogsaverroes.juntadeandalucia.es\/ieslagranja\/files\/2024\/11\/20-1536x864.jpeg 1536w, https:\/\/blogsaverroes.juntadeandalucia.es\/ieslagranja\/files\/2024\/11\/20.jpeg 1600w\" sizes=\"(max-width: 1024px) 100vw, 1024px\" \/><\/a> <a href=\"https:\/\/blogsaverroes.juntadeandalucia.es\/ieslagranja\/files\/2024\/11\/18.jpeg\"><img loading=\"lazy\" decoding=\"async\" class=\"alignnone size-large wp-image-10290\" src=\"https:\/\/blogsaverroes.juntadeandalucia.es\/ieslagranja\/files\/2024\/11\/18-1024x576.jpeg\" alt=\"\" width=\"1024\" height=\"576\" srcset=\"https:\/\/blogsaverroes.juntadeandalucia.es\/ieslagranja\/files\/2024\/11\/18-1024x576.jpeg 1024w, https:\/\/blogsaverroes.juntadeandalucia.es\/ieslagranja\/files\/2024\/11\/18-300x169.jpeg 300w, https:\/\/blogsaverroes.juntadeandalucia.es\/ieslagranja\/files\/2024\/11\/18-768x432.jpeg 768w, https:\/\/blogsaverroes.juntadeandalucia.es\/ieslagranja\/files\/2024\/11\/18-1536x864.jpeg 1536w, https:\/\/blogsaverroes.juntadeandalucia.es\/ieslagranja\/files\/2024\/11\/18.jpeg 1600w\" sizes=\"(max-width: 1024px) 100vw, 1024px\" \/><\/a> <a href=\"https:\/\/blogsaverroes.juntadeandalucia.es\/ieslagranja\/files\/2024\/11\/17.jpeg\"><img loading=\"lazy\" decoding=\"async\" class=\"alignnone size-large wp-image-10291\" src=\"https:\/\/blogsaverroes.juntadeandalucia.es\/ieslagranja\/files\/2024\/11\/17-576x1024.jpeg\" alt=\"\" width=\"576\" height=\"1024\" srcset=\"https:\/\/blogsaverroes.juntadeandalucia.es\/ieslagranja\/files\/2024\/11\/17-576x1024.jpeg 576w, https:\/\/blogsaverroes.juntadeandalucia.es\/ieslagranja\/files\/2024\/11\/17-169x300.jpeg 169w, https:\/\/blogsaverroes.juntadeandalucia.es\/ieslagranja\/files\/2024\/11\/17-768x1365.jpeg 768w, https:\/\/blogsaverroes.juntadeandalucia.es\/ieslagranja\/files\/2024\/11\/17-864x1536.jpeg 864w, https:\/\/blogsaverroes.juntadeandalucia.es\/ieslagranja\/files\/2024\/11\/17.jpeg 900w\" sizes=\"(max-width: 576px) 100vw, 576px\" \/><\/a> <a href=\"https:\/\/blogsaverroes.juntadeandalucia.es\/ieslagranja\/files\/2024\/11\/19.jpeg\"><img loading=\"lazy\" decoding=\"async\" class=\"alignnone size-large wp-image-10292\" src=\"https:\/\/blogsaverroes.juntadeandalucia.es\/ieslagranja\/files\/2024\/11\/19-576x1024.jpeg\" alt=\"\" width=\"576\" height=\"1024\" srcset=\"https:\/\/blogsaverroes.juntadeandalucia.es\/ieslagranja\/files\/2024\/11\/19-576x1024.jpeg 576w, https:\/\/blogsaverroes.juntadeandalucia.es\/ieslagranja\/files\/2024\/11\/19-169x300.jpeg 169w, https:\/\/blogsaverroes.juntadeandalucia.es\/ieslagranja\/files\/2024\/11\/19-768x1365.jpeg 768w, https:\/\/blogsaverroes.juntadeandalucia.es\/ieslagranja\/files\/2024\/11\/19-864x1536.jpeg 864w, https:\/\/blogsaverroes.juntadeandalucia.es\/ieslagranja\/files\/2024\/11\/19.jpeg 900w\" sizes=\"(max-width: 576px) 100vw, 576px\" \/><\/a> <a href=\"https:\/\/blogsaverroes.juntadeandalucia.es\/ieslagranja\/files\/2024\/11\/15.jpeg\"><img loading=\"lazy\" decoding=\"async\" class=\"alignnone size-large wp-image-10293\" src=\"https:\/\/blogsaverroes.juntadeandalucia.es\/ieslagranja\/files\/2024\/11\/15-768x1024.jpeg\" alt=\"\" width=\"768\" height=\"1024\" srcset=\"https:\/\/blogsaverroes.juntadeandalucia.es\/ieslagranja\/files\/2024\/11\/15-768x1024.jpeg 768w, https:\/\/blogsaverroes.juntadeandalucia.es\/ieslagranja\/files\/2024\/11\/15-225x300.jpeg 225w, https:\/\/blogsaverroes.juntadeandalucia.es\/ieslagranja\/files\/2024\/11\/15-1152x1536.jpeg 1152w, https:\/\/blogsaverroes.juntadeandalucia.es\/ieslagranja\/files\/2024\/11\/15.jpeg 1200w\" sizes=\"(max-width: 768px) 100vw, 768px\" \/><\/a> <a href=\"https:\/\/blogsaverroes.juntadeandalucia.es\/ieslagranja\/files\/2024\/11\/14.jpeg\"><img loading=\"lazy\" decoding=\"async\" class=\"alignnone size-large wp-image-10294\" src=\"https:\/\/blogsaverroes.juntadeandalucia.es\/ieslagranja\/files\/2024\/11\/14-1024x768.jpeg\" alt=\"\" width=\"1024\" height=\"768\" srcset=\"https:\/\/blogsaverroes.juntadeandalucia.es\/ieslagranja\/files\/2024\/11\/14-1024x768.jpeg 1024w, https:\/\/blogsaverroes.juntadeandalucia.es\/ieslagranja\/files\/2024\/11\/14-300x225.jpeg 300w, https:\/\/blogsaverroes.juntadeandalucia.es\/ieslagranja\/files\/2024\/11\/14-768x576.jpeg 768w, https:\/\/blogsaverroes.juntadeandalucia.es\/ieslagranja\/files\/2024\/11\/14-1536x1152.jpeg 1536w, https:\/\/blogsaverroes.juntadeandalucia.es\/ieslagranja\/files\/2024\/11\/14.jpeg 1600w\" sizes=\"(max-width: 1024px) 100vw, 1024px\" \/><\/a> <a href=\"https:\/\/blogsaverroes.juntadeandalucia.es\/ieslagranja\/files\/2024\/11\/12.jpeg\"><img loading=\"lazy\" decoding=\"async\" class=\"alignnone size-large wp-image-10295\" src=\"https:\/\/blogsaverroes.juntadeandalucia.es\/ieslagranja\/files\/2024\/11\/12-472x1024.jpeg\" alt=\"\" width=\"472\" height=\"1024\" srcset=\"https:\/\/blogsaverroes.juntadeandalucia.es\/ieslagranja\/files\/2024\/11\/12-472x1024.jpeg 472w, https:\/\/blogsaverroes.juntadeandalucia.es\/ieslagranja\/files\/2024\/11\/12-138x300.jpeg 138w, https:\/\/blogsaverroes.juntadeandalucia.es\/ieslagranja\/files\/2024\/11\/12-708x1536.jpeg 708w, https:\/\/blogsaverroes.juntadeandalucia.es\/ieslagranja\/files\/2024\/11\/12.jpeg 737w\" sizes=\"(max-width: 472px) 100vw, 472px\" \/><\/a> <a href=\"https:\/\/blogsaverroes.juntadeandalucia.es\/ieslagranja\/files\/2024\/11\/10.jpeg\"><img loading=\"lazy\" decoding=\"async\" class=\"alignnone size-large wp-image-10296\" src=\"https:\/\/blogsaverroes.juntadeandalucia.es\/ieslagranja\/files\/2024\/11\/10-472x1024.jpeg\" alt=\"\" width=\"472\" height=\"1024\" srcset=\"https:\/\/blogsaverroes.juntadeandalucia.es\/ieslagranja\/files\/2024\/11\/10-472x1024.jpeg 472w, https:\/\/blogsaverroes.juntadeandalucia.es\/ieslagranja\/files\/2024\/11\/10-138x300.jpeg 138w, https:\/\/blogsaverroes.juntadeandalucia.es\/ieslagranja\/files\/2024\/11\/10-708x1536.jpeg 708w, https:\/\/blogsaverroes.juntadeandalucia.es\/ieslagranja\/files\/2024\/11\/10.jpeg 737w\" sizes=\"(max-width: 472px) 100vw, 472px\" \/><\/a> <a href=\"https:\/\/blogsaverroes.juntadeandalucia.es\/ieslagranja\/files\/2024\/11\/13.jpeg\"><img loading=\"lazy\" decoding=\"async\" class=\"alignnone size-large wp-image-10297\" src=\"https:\/\/blogsaverroes.juntadeandalucia.es\/ieslagranja\/files\/2024\/11\/13-472x1024.jpeg\" alt=\"\" width=\"472\" height=\"1024\" srcset=\"https:\/\/blogsaverroes.juntadeandalucia.es\/ieslagranja\/files\/2024\/11\/13-472x1024.jpeg 472w, https:\/\/blogsaverroes.juntadeandalucia.es\/ieslagranja\/files\/2024\/11\/13-138x300.jpeg 138w, https:\/\/blogsaverroes.juntadeandalucia.es\/ieslagranja\/files\/2024\/11\/13-708x1536.jpeg 708w, https:\/\/blogsaverroes.juntadeandalucia.es\/ieslagranja\/files\/2024\/11\/13.jpeg 737w\" sizes=\"(max-width: 472px) 100vw, 472px\" \/><\/a> <a href=\"https:\/\/blogsaverroes.juntadeandalucia.es\/ieslagranja\/files\/2024\/11\/8.jpeg\"><img loading=\"lazy\" decoding=\"async\" class=\"alignnone size-large wp-image-10298\" src=\"https:\/\/blogsaverroes.juntadeandalucia.es\/ieslagranja\/files\/2024\/11\/8-472x1024.jpeg\" alt=\"\" width=\"472\" height=\"1024\" srcset=\"https:\/\/blogsaverroes.juntadeandalucia.es\/ieslagranja\/files\/2024\/11\/8-472x1024.jpeg 472w, https:\/\/blogsaverroes.juntadeandalucia.es\/ieslagranja\/files\/2024\/11\/8-138x300.jpeg 138w, https:\/\/blogsaverroes.juntadeandalucia.es\/ieslagranja\/files\/2024\/11\/8-708x1536.jpeg 708w, https:\/\/blogsaverroes.juntadeandalucia.es\/ieslagranja\/files\/2024\/11\/8.jpeg 737w\" sizes=\"(max-width: 472px) 100vw, 472px\" \/><\/a> <a href=\"https:\/\/blogsaverroes.juntadeandalucia.es\/ieslagranja\/files\/2024\/11\/9.jpeg\"><img loading=\"lazy\" decoding=\"async\" class=\"alignnone size-large wp-image-10299\" src=\"https:\/\/blogsaverroes.juntadeandalucia.es\/ieslagranja\/files\/2024\/11\/9-472x1024.jpeg\" alt=\"\" width=\"472\" height=\"1024\" srcset=\"https:\/\/blogsaverroes.juntadeandalucia.es\/ieslagranja\/files\/2024\/11\/9-472x1024.jpeg 472w, https:\/\/blogsaverroes.juntadeandalucia.es\/ieslagranja\/files\/2024\/11\/9-138x300.jpeg 138w, https:\/\/blogsaverroes.juntadeandalucia.es\/ieslagranja\/files\/2024\/11\/9-708x1536.jpeg 708w, https:\/\/blogsaverroes.juntadeandalucia.es\/ieslagranja\/files\/2024\/11\/9.jpeg 737w\" sizes=\"(max-width: 472px) 100vw, 472px\" \/><\/a><\/p>\n","protected":false},"excerpt":{"rendered":"<p>El pasado 24 de octubre celebramos en la Biblioteca del IES La Granja el D\u00eda de las bibliotecas. La actividad consisti\u00f3 en un recital de poes\u00eda, donde alumnos y alumnas de 2\u00ba y 3\u00ba&#46;&#46;&#46;<\/p>\n","protected":false},"author":11116,"featured_media":10290,"comment_status":"closed","ping_status":"closed","sticky":false,"template":"","format":"standard","meta":{"ngg_post_thumbnail":0,"footnotes":""},"categories":[213,2351698],"tags":[],"aioseo_notices":[],"_links":{"self":[{"href":"https:\/\/blogsaverroes.juntadeandalucia.es\/ieslagranja\/wp-json\/wp\/v2\/posts\/10288"}],"collection":[{"href":"https:\/\/blogsaverroes.juntadeandalucia.es\/ieslagranja\/wp-json\/wp\/v2\/posts"}],"about":[{"href":"https:\/\/blogsaverroes.juntadeandalucia.es\/ieslagranja\/wp-json\/wp\/v2\/types\/post"}],"author":[{"embeddable":true,"href":"https:\/\/blogsaverroes.juntadeandalucia.es\/ieslagranja\/wp-json\/wp\/v2\/users\/11116"}],"replies":[{"embeddable":true,"href":"https:\/\/blogsaverroes.juntadeandalucia.es\/ieslagranja\/wp-json\/wp\/v2\/comments?post=10288"}],"version-history":[{"count":2,"href":"https:\/\/blogsaverroes.juntadeandalucia.es\/ieslagranja\/wp-json\/wp\/v2\/posts\/10288\/revisions"}],"predecessor-version":[{"id":10301,"href":"https:\/\/blogsaverroes.juntadeandalucia.es\/ieslagranja\/wp-json\/wp\/v2\/posts\/10288\/revisions\/10301"}],"wp:featuredmedia":[{"embeddable":true,"href":"https:\/\/blogsaverroes.juntadeandalucia.es\/ieslagranja\/wp-json\/wp\/v2\/media\/10290"}],"wp:attachment":[{"href":"https:\/\/blogsaverroes.juntadeandalucia.es\/ieslagranja\/wp-json\/wp\/v2\/media?parent=10288"}],"wp:term":[{"taxonomy":"category","embeddable":true,"href":"https:\/\/blogsaverroes.juntadeandalucia.es\/ieslagranja\/wp-json\/wp\/v2\/categories?post=10288"},{"taxonomy":"post_tag","embeddable":true,"href":"https:\/\/blogsaverroes.juntadeandalucia.es\/ieslagranja\/wp-json\/wp\/v2\/tags?post=10288"}],"curies":[{"name":"wp","href":"https:\/\/api.w.org\/{rel}","templated":true}]}}