{"id":10606,"date":"2025-01-17T10:55:50","date_gmt":"2025-01-17T08:55:50","guid":{"rendered":"https:\/\/blogsaverroes.juntadeandalucia.es\/ieslagranja\/?p=10606"},"modified":"2025-02-04T13:28:11","modified_gmt":"2025-02-04T11:28:11","slug":"proyecto-cima-aldea-taller-de-fabricacion-de-bolsas-de-tela","status":"publish","type":"post","link":"https:\/\/blogsaverroes.juntadeandalucia.es\/ieslagranja\/proyecto-cima-aldea-taller-de-fabricacion-de-bolsas-de-tela\/","title":{"rendered":"PROGRAMA Aldea (CIMA). Taller de fabricaci\u00f3n de bolsas de tela"},"content":{"rendered":"<p style=\"text-align: justify\">Dentro del programa de educaci\u00f3n ambiental Aldea (CIMA), en el primer trimestre ha comenzado el taller de reciclaje de ropa usada, organizado por nuestra compa\u00f1era del Departamento de Sanitaria, Sandra Sajeras y dirigido a alumnado de 4\u00ba de ESO.<\/p>\n<p style=\"text-align: center\"><a href=\"https:\/\/blogsaverroes.juntadeandalucia.es\/ieslagranja\/files\/2025\/01\/quim1.jpg\"><img loading=\"lazy\" decoding=\"async\" class=\"alignnone size-large wp-image-10607\" src=\"https:\/\/blogsaverroes.juntadeandalucia.es\/ieslagranja\/files\/2025\/01\/quim1-461x1024.jpg\" alt=\"\" width=\"461\" height=\"1024\" srcset=\"https:\/\/blogsaverroes.juntadeandalucia.es\/ieslagranja\/files\/2025\/01\/quim1-461x1024.jpg 461w, https:\/\/blogsaverroes.juntadeandalucia.es\/ieslagranja\/files\/2025\/01\/quim1-135x300.jpg 135w, https:\/\/blogsaverroes.juntadeandalucia.es\/ieslagranja\/files\/2025\/01\/quim1-691x1536.jpg 691w, https:\/\/blogsaverroes.juntadeandalucia.es\/ieslagranja\/files\/2025\/01\/quim1.jpg 720w\" sizes=\"(max-width: 461px) 100vw, 461px\" \/><\/a><\/p>\n<p>&#8230;Y este trimestre continuaremos mostrando a m\u00e1s cursos las caracter\u00edsticas del taller e iniciaremos la fabricaci\u00f3n de las bolsas de tela recicladas.<\/p>\n","protected":false},"excerpt":{"rendered":"<p>Dentro del programa de educaci\u00f3n ambiental Aldea (CIMA), en el primer trimestre ha comenzado el taller de reciclaje de ropa usada, organizado por nuestra compa\u00f1era del Departamento de Sanitaria, Sandra Sajeras y dirigido a&#46;&#46;&#46;<\/p>\n","protected":false},"author":11116,"featured_media":10607,"comment_status":"closed","ping_status":"closed","sticky":false,"template":"","format":"standard","meta":{"ngg_post_thumbnail":0,"footnotes":""},"categories":[2351699,2351698,2351688],"tags":[],"aioseo_notices":[],"_links":{"self":[{"href":"https:\/\/blogsaverroes.juntadeandalucia.es\/ieslagranja\/wp-json\/wp\/v2\/posts\/10606"}],"collection":[{"href":"https:\/\/blogsaverroes.juntadeandalucia.es\/ieslagranja\/wp-json\/wp\/v2\/posts"}],"about":[{"href":"https:\/\/blogsaverroes.juntadeandalucia.es\/ieslagranja\/wp-json\/wp\/v2\/types\/post"}],"author":[{"embeddable":true,"href":"https:\/\/blogsaverroes.juntadeandalucia.es\/ieslagranja\/wp-json\/wp\/v2\/users\/11116"}],"replies":[{"embeddable":true,"href":"https:\/\/blogsaverroes.juntadeandalucia.es\/ieslagranja\/wp-json\/wp\/v2\/comments?post=10606"}],"version-history":[{"count":5,"href":"https:\/\/blogsaverroes.juntadeandalucia.es\/ieslagranja\/wp-json\/wp\/v2\/posts\/10606\/revisions"}],"predecessor-version":[{"id":10741,"href":"https:\/\/blogsaverroes.juntadeandalucia.es\/ieslagranja\/wp-json\/wp\/v2\/posts\/10606\/revisions\/10741"}],"wp:featuredmedia":[{"embeddable":true,"href":"https:\/\/blogsaverroes.juntadeandalucia.es\/ieslagranja\/wp-json\/wp\/v2\/media\/10607"}],"wp:attachment":[{"href":"https:\/\/blogsaverroes.juntadeandalucia.es\/ieslagranja\/wp-json\/wp\/v2\/media?parent=10606"}],"wp:term":[{"taxonomy":"category","embeddable":true,"href":"https:\/\/blogsaverroes.juntadeandalucia.es\/ieslagranja\/wp-json\/wp\/v2\/categories?post=10606"},{"taxonomy":"post_tag","embeddable":true,"href":"https:\/\/blogsaverroes.juntadeandalucia.es\/ieslagranja\/wp-json\/wp\/v2\/tags?post=10606"}],"curies":[{"name":"wp","href":"https:\/\/api.w.org\/{rel}","templated":true}]}}