{"id":10609,"date":"2025-01-21T13:09:10","date_gmt":"2025-01-21T11:09:10","guid":{"rendered":"https:\/\/blogsaverroes.juntadeandalucia.es\/ieslagranja\/?p=10609"},"modified":"2025-01-21T13:09:39","modified_gmt":"2025-01-21T11:09:39","slug":"taller-reanimacion-cardiopulmonar","status":"publish","type":"post","link":"https:\/\/blogsaverroes.juntadeandalucia.es\/ieslagranja\/taller-reanimacion-cardiopulmonar\/","title":{"rendered":"Taller Reanimaci\u00f3n Cardiopulmonar"},"content":{"rendered":"<p>Los profesores Manuel Dur\u00e1n y Carmen Delgado dieron un Taller de REANIMACI\u00d3N CARDIOPULMONAR a los grupos 1 ESO B, y 2 Bach Ciencias, en clase de Educaci\u00f3n F\u00edsica, dentro del Programa CIMA.<\/p>\n<p style=\"text-align: center\"><a href=\"https:\/\/blogsaverroes.juntadeandalucia.es\/ieslagranja\/files\/2025\/01\/1-1.jpg\"><img loading=\"lazy\" decoding=\"async\" class=\"alignnone size-large wp-image-10610\" src=\"https:\/\/blogsaverroes.juntadeandalucia.es\/ieslagranja\/files\/2025\/01\/1-1-768x1024.jpg\" alt=\"\" width=\"768\" height=\"1024\" srcset=\"https:\/\/blogsaverroes.juntadeandalucia.es\/ieslagranja\/files\/2025\/01\/1-1-768x1024.jpg 768w, https:\/\/blogsaverroes.juntadeandalucia.es\/ieslagranja\/files\/2025\/01\/1-1-225x300.jpg 225w, https:\/\/blogsaverroes.juntadeandalucia.es\/ieslagranja\/files\/2025\/01\/1-1-1152x1536.jpg 1152w, https:\/\/blogsaverroes.juntadeandalucia.es\/ieslagranja\/files\/2025\/01\/1-1.jpg 1200w\" sizes=\"(max-width: 768px) 100vw, 768px\" \/><\/a> <a href=\"https:\/\/blogsaverroes.juntadeandalucia.es\/ieslagranja\/files\/2025\/01\/2.jpg\"><img loading=\"lazy\" decoding=\"async\" class=\"alignnone size-large wp-image-10611\" src=\"https:\/\/blogsaverroes.juntadeandalucia.es\/ieslagranja\/files\/2025\/01\/2-768x1024.jpg\" alt=\"\" width=\"768\" height=\"1024\" srcset=\"https:\/\/blogsaverroes.juntadeandalucia.es\/ieslagranja\/files\/2025\/01\/2-768x1024.jpg 768w, https:\/\/blogsaverroes.juntadeandalucia.es\/ieslagranja\/files\/2025\/01\/2-225x300.jpg 225w, https:\/\/blogsaverroes.juntadeandalucia.es\/ieslagranja\/files\/2025\/01\/2-1152x1536.jpg 1152w, https:\/\/blogsaverroes.juntadeandalucia.es\/ieslagranja\/files\/2025\/01\/2.jpg 1200w\" sizes=\"(max-width: 768px) 100vw, 768px\" \/><\/a> <a href=\"https:\/\/blogsaverroes.juntadeandalucia.es\/ieslagranja\/files\/2025\/01\/3.jpg\"><img loading=\"lazy\" decoding=\"async\" class=\"alignnone size-large wp-image-10612\" src=\"https:\/\/blogsaverroes.juntadeandalucia.es\/ieslagranja\/files\/2025\/01\/3-768x1024.jpg\" alt=\"\" width=\"768\" height=\"1024\" srcset=\"https:\/\/blogsaverroes.juntadeandalucia.es\/ieslagranja\/files\/2025\/01\/3-768x1024.jpg 768w, https:\/\/blogsaverroes.juntadeandalucia.es\/ieslagranja\/files\/2025\/01\/3-225x300.jpg 225w, https:\/\/blogsaverroes.juntadeandalucia.es\/ieslagranja\/files\/2025\/01\/3-1152x1536.jpg 1152w, https:\/\/blogsaverroes.juntadeandalucia.es\/ieslagranja\/files\/2025\/01\/3.jpg 1200w\" sizes=\"(max-width: 768px) 100vw, 768px\" \/><\/a> <a href=\"https:\/\/blogsaverroes.juntadeandalucia.es\/ieslagranja\/files\/2025\/01\/4.jpg\"><img loading=\"lazy\" decoding=\"async\" class=\"alignnone size-large wp-image-10613\" src=\"https:\/\/blogsaverroes.juntadeandalucia.es\/ieslagranja\/files\/2025\/01\/4-768x1024.jpg\" alt=\"\" width=\"768\" height=\"1024\" srcset=\"https:\/\/blogsaverroes.juntadeandalucia.es\/ieslagranja\/files\/2025\/01\/4-768x1024.jpg 768w, https:\/\/blogsaverroes.juntadeandalucia.es\/ieslagranja\/files\/2025\/01\/4-225x300.jpg 225w, https:\/\/blogsaverroes.juntadeandalucia.es\/ieslagranja\/files\/2025\/01\/4-1152x1536.jpg 1152w, https:\/\/blogsaverroes.juntadeandalucia.es\/ieslagranja\/files\/2025\/01\/4.jpg 1200w\" sizes=\"(max-width: 768px) 100vw, 768px\" \/><\/a><\/p>\n","protected":false},"excerpt":{"rendered":"<p>Los profesores Manuel Dur\u00e1n y Carmen Delgado dieron un Taller de REANIMACI\u00d3N CARDIOPULMONAR a los grupos 1 ESO B, y 2 Bach Ciencias, en clase de Educaci\u00f3n F\u00edsica, dentro del Programa CIMA.<\/p>\n","protected":false},"author":11116,"featured_media":10612,"comment_status":"closed","ping_status":"closed","sticky":false,"template":"","format":"standard","meta":{"ngg_post_thumbnail":0,"footnotes":""},"categories":[2351699,2351698,2351688],"tags":[],"aioseo_notices":[],"_links":{"self":[{"href":"https:\/\/blogsaverroes.juntadeandalucia.es\/ieslagranja\/wp-json\/wp\/v2\/posts\/10609"}],"collection":[{"href":"https:\/\/blogsaverroes.juntadeandalucia.es\/ieslagranja\/wp-json\/wp\/v2\/posts"}],"about":[{"href":"https:\/\/blogsaverroes.juntadeandalucia.es\/ieslagranja\/wp-json\/wp\/v2\/types\/post"}],"author":[{"embeddable":true,"href":"https:\/\/blogsaverroes.juntadeandalucia.es\/ieslagranja\/wp-json\/wp\/v2\/users\/11116"}],"replies":[{"embeddable":true,"href":"https:\/\/blogsaverroes.juntadeandalucia.es\/ieslagranja\/wp-json\/wp\/v2\/comments?post=10609"}],"version-history":[{"count":2,"href":"https:\/\/blogsaverroes.juntadeandalucia.es\/ieslagranja\/wp-json\/wp\/v2\/posts\/10609\/revisions"}],"predecessor-version":[{"id":10615,"href":"https:\/\/blogsaverroes.juntadeandalucia.es\/ieslagranja\/wp-json\/wp\/v2\/posts\/10609\/revisions\/10615"}],"wp:featuredmedia":[{"embeddable":true,"href":"https:\/\/blogsaverroes.juntadeandalucia.es\/ieslagranja\/wp-json\/wp\/v2\/media\/10612"}],"wp:attachment":[{"href":"https:\/\/blogsaverroes.juntadeandalucia.es\/ieslagranja\/wp-json\/wp\/v2\/media?parent=10609"}],"wp:term":[{"taxonomy":"category","embeddable":true,"href":"https:\/\/blogsaverroes.juntadeandalucia.es\/ieslagranja\/wp-json\/wp\/v2\/categories?post=10609"},{"taxonomy":"post_tag","embeddable":true,"href":"https:\/\/blogsaverroes.juntadeandalucia.es\/ieslagranja\/wp-json\/wp\/v2\/tags?post=10609"}],"curies":[{"name":"wp","href":"https:\/\/api.w.org\/{rel}","templated":true}]}}