{"id":10858,"date":"2025-02-13T12:29:17","date_gmt":"2025-02-13T10:29:17","guid":{"rendered":"https:\/\/blogsaverroes.juntadeandalucia.es\/ieslagranja\/?p=10858"},"modified":"2025-02-13T14:08:54","modified_gmt":"2025-02-13T12:08:54","slug":"charla-cae-y-farmacia-como-acceder-al-sas","status":"publish","type":"post","link":"https:\/\/blogsaverroes.juntadeandalucia.es\/ieslagranja\/charla-cae-y-farmacia-como-acceder-al-sas\/","title":{"rendered":"Charla CAE y Farmacia: C\u00f3mo acceder al SAS"},"content":{"rendered":"<p style=\"text-align: justify\">El pasado martes 11 de febrero, el alumnado de CAE A y 2\u00ba Farmacia recibi\u00f3 una charla para conocer el acceso a trabajar en el SAS, los requisitos, el modo de llamamiento y la baremaci\u00f3n. Actividad organizada por Ana Bel\u00e9n y Gracia Cabrera e impartida por nuestras alumnas de pr\u00e1cticas del MAES (enfermeras actuales del SAS) Laura y Lorena.<\/p>\n<p style=\"text-align: center\"><a href=\"https:\/\/blogsaverroes.juntadeandalucia.es\/ieslagranja\/files\/2025\/02\/1-4.jpg\"><img loading=\"lazy\" decoding=\"async\" class=\"alignnone size-large wp-image-10859\" src=\"https:\/\/blogsaverroes.juntadeandalucia.es\/ieslagranja\/files\/2025\/02\/1-4-1024x447.jpg\" alt=\"\" width=\"1024\" height=\"447\" srcset=\"https:\/\/blogsaverroes.juntadeandalucia.es\/ieslagranja\/files\/2025\/02\/1-4-1024x447.jpg 1024w, https:\/\/blogsaverroes.juntadeandalucia.es\/ieslagranja\/files\/2025\/02\/1-4-300x131.jpg 300w, https:\/\/blogsaverroes.juntadeandalucia.es\/ieslagranja\/files\/2025\/02\/1-4-768x335.jpg 768w, https:\/\/blogsaverroes.juntadeandalucia.es\/ieslagranja\/files\/2025\/02\/1-4-1536x670.jpg 1536w, https:\/\/blogsaverroes.juntadeandalucia.es\/ieslagranja\/files\/2025\/02\/1-4.jpg 1600w\" sizes=\"(max-width: 1024px) 100vw, 1024px\" \/><\/a> <a href=\"https:\/\/blogsaverroes.juntadeandalucia.es\/ieslagranja\/files\/2025\/02\/2-4.jpg\"><img loading=\"lazy\" decoding=\"async\" class=\"alignnone size-large wp-image-10860\" src=\"https:\/\/blogsaverroes.juntadeandalucia.es\/ieslagranja\/files\/2025\/02\/2-4-447x1024.jpg\" alt=\"\" width=\"447\" height=\"1024\" srcset=\"https:\/\/blogsaverroes.juntadeandalucia.es\/ieslagranja\/files\/2025\/02\/2-4-447x1024.jpg 447w, https:\/\/blogsaverroes.juntadeandalucia.es\/ieslagranja\/files\/2025\/02\/2-4-131x300.jpg 131w, https:\/\/blogsaverroes.juntadeandalucia.es\/ieslagranja\/files\/2025\/02\/2-4-670x1536.jpg 670w, https:\/\/blogsaverroes.juntadeandalucia.es\/ieslagranja\/files\/2025\/02\/2-4.jpg 698w\" sizes=\"(max-width: 447px) 100vw, 447px\" \/><\/a> <a href=\"https:\/\/blogsaverroes.juntadeandalucia.es\/ieslagranja\/files\/2025\/02\/3-3.jpg\"><img loading=\"lazy\" decoding=\"async\" class=\"alignnone size-large wp-image-10861\" src=\"https:\/\/blogsaverroes.juntadeandalucia.es\/ieslagranja\/files\/2025\/02\/3-3-1024x447.jpg\" alt=\"\" width=\"1024\" height=\"447\" srcset=\"https:\/\/blogsaverroes.juntadeandalucia.es\/ieslagranja\/files\/2025\/02\/3-3-1024x447.jpg 1024w, https:\/\/blogsaverroes.juntadeandalucia.es\/ieslagranja\/files\/2025\/02\/3-3-300x131.jpg 300w, https:\/\/blogsaverroes.juntadeandalucia.es\/ieslagranja\/files\/2025\/02\/3-3-768x335.jpg 768w, https:\/\/blogsaverroes.juntadeandalucia.es\/ieslagranja\/files\/2025\/02\/3-3-1536x670.jpg 1536w, https:\/\/blogsaverroes.juntadeandalucia.es\/ieslagranja\/files\/2025\/02\/3-3.jpg 1600w\" sizes=\"(max-width: 1024px) 100vw, 1024px\" \/><\/a> <a href=\"https:\/\/blogsaverroes.juntadeandalucia.es\/ieslagranja\/files\/2025\/02\/4-2.jpg\"><img loading=\"lazy\" decoding=\"async\" class=\"alignnone size-large wp-image-10862\" src=\"https:\/\/blogsaverroes.juntadeandalucia.es\/ieslagranja\/files\/2025\/02\/4-2-447x1024.jpg\" alt=\"\" width=\"447\" height=\"1024\" srcset=\"https:\/\/blogsaverroes.juntadeandalucia.es\/ieslagranja\/files\/2025\/02\/4-2-447x1024.jpg 447w, https:\/\/blogsaverroes.juntadeandalucia.es\/ieslagranja\/files\/2025\/02\/4-2-131x300.jpg 131w, https:\/\/blogsaverroes.juntadeandalucia.es\/ieslagranja\/files\/2025\/02\/4-2-670x1536.jpg 670w, https:\/\/blogsaverroes.juntadeandalucia.es\/ieslagranja\/files\/2025\/02\/4-2.jpg 698w\" sizes=\"(max-width: 447px) 100vw, 447px\" \/><\/a> <a href=\"https:\/\/blogsaverroes.juntadeandalucia.es\/ieslagranja\/files\/2025\/02\/5-3.jpg\"><img loading=\"lazy\" decoding=\"async\" class=\"alignnone size-large wp-image-10863\" src=\"https:\/\/blogsaverroes.juntadeandalucia.es\/ieslagranja\/files\/2025\/02\/5-3-1024x447.jpg\" alt=\"\" width=\"1024\" height=\"447\" srcset=\"https:\/\/blogsaverroes.juntadeandalucia.es\/ieslagranja\/files\/2025\/02\/5-3-1024x447.jpg 1024w, https:\/\/blogsaverroes.juntadeandalucia.es\/ieslagranja\/files\/2025\/02\/5-3-300x131.jpg 300w, https:\/\/blogsaverroes.juntadeandalucia.es\/ieslagranja\/files\/2025\/02\/5-3-768x335.jpg 768w, https:\/\/blogsaverroes.juntadeandalucia.es\/ieslagranja\/files\/2025\/02\/5-3-1536x670.jpg 1536w, https:\/\/blogsaverroes.juntadeandalucia.es\/ieslagranja\/files\/2025\/02\/5-3.jpg 1600w\" sizes=\"(max-width: 1024px) 100vw, 1024px\" \/><\/a><\/p>\n","protected":false},"excerpt":{"rendered":"<p>El pasado martes 11 de febrero, el alumnado de CAE A y 2\u00ba Farmacia recibi\u00f3 una charla para conocer el acceso a trabajar en el SAS, los requisitos, el modo de llamamiento y la&#46;&#46;&#46;<\/p>\n","protected":false},"author":11116,"featured_media":10859,"comment_status":"closed","ping_status":"closed","sticky":false,"template":"","format":"standard","meta":{"ngg_post_thumbnail":0,"footnotes":""},"categories":[2351698,2351688],"tags":[],"aioseo_notices":[],"_links":{"self":[{"href":"https:\/\/blogsaverroes.juntadeandalucia.es\/ieslagranja\/wp-json\/wp\/v2\/posts\/10858"}],"collection":[{"href":"https:\/\/blogsaverroes.juntadeandalucia.es\/ieslagranja\/wp-json\/wp\/v2\/posts"}],"about":[{"href":"https:\/\/blogsaverroes.juntadeandalucia.es\/ieslagranja\/wp-json\/wp\/v2\/types\/post"}],"author":[{"embeddable":true,"href":"https:\/\/blogsaverroes.juntadeandalucia.es\/ieslagranja\/wp-json\/wp\/v2\/users\/11116"}],"replies":[{"embeddable":true,"href":"https:\/\/blogsaverroes.juntadeandalucia.es\/ieslagranja\/wp-json\/wp\/v2\/comments?post=10858"}],"version-history":[{"count":3,"href":"https:\/\/blogsaverroes.juntadeandalucia.es\/ieslagranja\/wp-json\/wp\/v2\/posts\/10858\/revisions"}],"predecessor-version":[{"id":10866,"href":"https:\/\/blogsaverroes.juntadeandalucia.es\/ieslagranja\/wp-json\/wp\/v2\/posts\/10858\/revisions\/10866"}],"wp:featuredmedia":[{"embeddable":true,"href":"https:\/\/blogsaverroes.juntadeandalucia.es\/ieslagranja\/wp-json\/wp\/v2\/media\/10859"}],"wp:attachment":[{"href":"https:\/\/blogsaverroes.juntadeandalucia.es\/ieslagranja\/wp-json\/wp\/v2\/media?parent=10858"}],"wp:term":[{"taxonomy":"category","embeddable":true,"href":"https:\/\/blogsaverroes.juntadeandalucia.es\/ieslagranja\/wp-json\/wp\/v2\/categories?post=10858"},{"taxonomy":"post_tag","embeddable":true,"href":"https:\/\/blogsaverroes.juntadeandalucia.es\/ieslagranja\/wp-json\/wp\/v2\/tags?post=10858"}],"curies":[{"name":"wp","href":"https:\/\/api.w.org\/{rel}","templated":true}]}}