{"id":11210,"date":"2025-03-13T14:21:15","date_gmt":"2025-03-13T12:21:15","guid":{"rendered":"https:\/\/blogsaverroes.juntadeandalucia.es\/ieslagranja\/?p=11210"},"modified":"2025-03-13T14:21:15","modified_gmt":"2025-03-13T12:21:15","slug":"musica-con-m-de-mujer","status":"publish","type":"post","link":"https:\/\/blogsaverroes.juntadeandalucia.es\/ieslagranja\/musica-con-m-de-mujer\/","title":{"rendered":"M\u00fasica con M de Mujer"},"content":{"rendered":"<p style=\"text-align: justify\">La profesora de M\u00fasica Patricia Jim\u00e9nez de Cisneros ha participado junto al alumnado de 4 de la ESO en el Ciclo \u201cM\u00fasica con M de Mujer\u201d organizado por el Conservatorio de M\u00fasica de Jerez llevando a escena la \u201cdanza ritual del fuego\u201d con m\u00fasica de Manuel de Falla y libreto de Mar\u00eda Lej\u00e1rraga.<\/p>\n<p style=\"text-align: center\"><a href=\"https:\/\/blogsaverroes.juntadeandalucia.es\/ieslagranja\/files\/2025\/03\/1-2.jpg\"><img loading=\"lazy\" decoding=\"async\" class=\"alignnone size-full wp-image-11211\" src=\"https:\/\/blogsaverroes.juntadeandalucia.es\/ieslagranja\/files\/2025\/03\/1-2.jpg\" alt=\"\" width=\"701\" height=\"523\" srcset=\"https:\/\/blogsaverroes.juntadeandalucia.es\/ieslagranja\/files\/2025\/03\/1-2.jpg 701w, https:\/\/blogsaverroes.juntadeandalucia.es\/ieslagranja\/files\/2025\/03\/1-2-300x224.jpg 300w\" sizes=\"(max-width: 701px) 100vw, 701px\" \/><\/a> <a href=\"https:\/\/blogsaverroes.juntadeandalucia.es\/ieslagranja\/files\/2025\/03\/2-2.jpg\"><img loading=\"lazy\" decoding=\"async\" class=\"alignnone size-large wp-image-11212\" src=\"https:\/\/blogsaverroes.juntadeandalucia.es\/ieslagranja\/files\/2025\/03\/2-2.jpg\" alt=\"\" width=\"698\" height=\"524\" srcset=\"https:\/\/blogsaverroes.juntadeandalucia.es\/ieslagranja\/files\/2025\/03\/2-2.jpg 698w, https:\/\/blogsaverroes.juntadeandalucia.es\/ieslagranja\/files\/2025\/03\/2-2-300x225.jpg 300w\" sizes=\"(max-width: 698px) 100vw, 698px\" \/><\/a> <a href=\"https:\/\/blogsaverroes.juntadeandalucia.es\/ieslagranja\/files\/2025\/03\/3-2.jpg\"><img loading=\"lazy\" decoding=\"async\" class=\"alignnone size-large wp-image-11213\" src=\"https:\/\/blogsaverroes.juntadeandalucia.es\/ieslagranja\/files\/2025\/03\/3-2.jpg\" alt=\"\" width=\"702\" height=\"525\" srcset=\"https:\/\/blogsaverroes.juntadeandalucia.es\/ieslagranja\/files\/2025\/03\/3-2.jpg 702w, https:\/\/blogsaverroes.juntadeandalucia.es\/ieslagranja\/files\/2025\/03\/3-2-300x224.jpg 300w\" sizes=\"(max-width: 702px) 100vw, 702px\" \/><\/a> <a href=\"https:\/\/blogsaverroes.juntadeandalucia.es\/ieslagranja\/files\/2025\/03\/3e4e18a3-892b-44a6-b8c9-3fb6cf67791b.jpg\"><img loading=\"lazy\" decoding=\"async\" class=\"alignnone size-large wp-image-11214\" src=\"https:\/\/blogsaverroes.juntadeandalucia.es\/ieslagranja\/files\/2025\/03\/3e4e18a3-892b-44a6-b8c9-3fb6cf67791b-1024x768.jpg\" alt=\"\" width=\"1024\" height=\"768\" srcset=\"https:\/\/blogsaverroes.juntadeandalucia.es\/ieslagranja\/files\/2025\/03\/3e4e18a3-892b-44a6-b8c9-3fb6cf67791b-1024x768.jpg 1024w, https:\/\/blogsaverroes.juntadeandalucia.es\/ieslagranja\/files\/2025\/03\/3e4e18a3-892b-44a6-b8c9-3fb6cf67791b-300x225.jpg 300w, https:\/\/blogsaverroes.juntadeandalucia.es\/ieslagranja\/files\/2025\/03\/3e4e18a3-892b-44a6-b8c9-3fb6cf67791b-768x576.jpg 768w, https:\/\/blogsaverroes.juntadeandalucia.es\/ieslagranja\/files\/2025\/03\/3e4e18a3-892b-44a6-b8c9-3fb6cf67791b-1536x1152.jpg 1536w, https:\/\/blogsaverroes.juntadeandalucia.es\/ieslagranja\/files\/2025\/03\/3e4e18a3-892b-44a6-b8c9-3fb6cf67791b.jpg 1600w\" sizes=\"(max-width: 1024px) 100vw, 1024px\" \/><\/a> &nbsp;<a href=\"https:\/\/blogsaverroes.juntadeandalucia.es\/ieslagranja\/files\/2025\/03\/f33a7161-a3e0-45b5-879d-1d8691418044.jpg\"><img loading=\"lazy\" decoding=\"async\" class=\"alignnone size-large wp-image-11216\" src=\"https:\/\/blogsaverroes.juntadeandalucia.es\/ieslagranja\/files\/2025\/03\/f33a7161-a3e0-45b5-879d-1d8691418044-1024x576.jpg\" alt=\"\" width=\"1024\" height=\"576\" srcset=\"https:\/\/blogsaverroes.juntadeandalucia.es\/ieslagranja\/files\/2025\/03\/f33a7161-a3e0-45b5-879d-1d8691418044-1024x576.jpg 1024w, https:\/\/blogsaverroes.juntadeandalucia.es\/ieslagranja\/files\/2025\/03\/f33a7161-a3e0-45b5-879d-1d8691418044-300x169.jpg 300w, https:\/\/blogsaverroes.juntadeandalucia.es\/ieslagranja\/files\/2025\/03\/f33a7161-a3e0-45b5-879d-1d8691418044-768x432.jpg 768w, https:\/\/blogsaverroes.juntadeandalucia.es\/ieslagranja\/files\/2025\/03\/f33a7161-a3e0-45b5-879d-1d8691418044-1536x864.jpg 1536w, https:\/\/blogsaverroes.juntadeandalucia.es\/ieslagranja\/files\/2025\/03\/f33a7161-a3e0-45b5-879d-1d8691418044.jpg 1600w\" sizes=\"(max-width: 1024px) 100vw, 1024px\" \/><\/a><\/p>\n<p><a href=\"https:\/\/blogsaverroes.juntadeandalucia.es\/ieslagranja\/files\/2025\/03\/4-2.jpg\"><img loading=\"lazy\" decoding=\"async\" class=\"size-large wp-image-11215 aligncenter\" src=\"https:\/\/blogsaverroes.juntadeandalucia.es\/ieslagranja\/files\/2025\/03\/4-2.jpg\" alt=\"\" width=\"394\" height=\"526\" srcset=\"https:\/\/blogsaverroes.juntadeandalucia.es\/ieslagranja\/files\/2025\/03\/4-2.jpg 394w, https:\/\/blogsaverroes.juntadeandalucia.es\/ieslagranja\/files\/2025\/03\/4-2-225x300.jpg 225w\" sizes=\"(max-width: 394px) 100vw, 394px\" \/><\/a><\/p>\n","protected":false},"excerpt":{"rendered":"<p>La profesora de M\u00fasica Patricia Jim\u00e9nez de Cisneros ha participado junto al alumnado de 4 de la ESO en el Ciclo \u201cM\u00fasica con M de Mujer\u201d organizado por el Conservatorio de M\u00fasica de Jerez&#46;&#46;&#46;<\/p>\n","protected":false},"author":11116,"featured_media":11211,"comment_status":"closed","ping_status":"closed","sticky":false,"template":"","format":"standard","meta":{"ngg_post_thumbnail":0,"footnotes":""},"categories":[2351698,25507],"tags":[],"aioseo_notices":[],"_links":{"self":[{"href":"https:\/\/blogsaverroes.juntadeandalucia.es\/ieslagranja\/wp-json\/wp\/v2\/posts\/11210"}],"collection":[{"href":"https:\/\/blogsaverroes.juntadeandalucia.es\/ieslagranja\/wp-json\/wp\/v2\/posts"}],"about":[{"href":"https:\/\/blogsaverroes.juntadeandalucia.es\/ieslagranja\/wp-json\/wp\/v2\/types\/post"}],"author":[{"embeddable":true,"href":"https:\/\/blogsaverroes.juntadeandalucia.es\/ieslagranja\/wp-json\/wp\/v2\/users\/11116"}],"replies":[{"embeddable":true,"href":"https:\/\/blogsaverroes.juntadeandalucia.es\/ieslagranja\/wp-json\/wp\/v2\/comments?post=11210"}],"version-history":[{"count":1,"href":"https:\/\/blogsaverroes.juntadeandalucia.es\/ieslagranja\/wp-json\/wp\/v2\/posts\/11210\/revisions"}],"predecessor-version":[{"id":11217,"href":"https:\/\/blogsaverroes.juntadeandalucia.es\/ieslagranja\/wp-json\/wp\/v2\/posts\/11210\/revisions\/11217"}],"wp:featuredmedia":[{"embeddable":true,"href":"https:\/\/blogsaverroes.juntadeandalucia.es\/ieslagranja\/wp-json\/wp\/v2\/media\/11211"}],"wp:attachment":[{"href":"https:\/\/blogsaverroes.juntadeandalucia.es\/ieslagranja\/wp-json\/wp\/v2\/media?parent=11210"}],"wp:term":[{"taxonomy":"category","embeddable":true,"href":"https:\/\/blogsaverroes.juntadeandalucia.es\/ieslagranja\/wp-json\/wp\/v2\/categories?post=11210"},{"taxonomy":"post_tag","embeddable":true,"href":"https:\/\/blogsaverroes.juntadeandalucia.es\/ieslagranja\/wp-json\/wp\/v2\/tags?post=11210"}],"curies":[{"name":"wp","href":"https:\/\/api.w.org\/{rel}","templated":true}]}}