{"id":11225,"date":"2025-03-19T22:07:39","date_gmt":"2025-03-19T20:07:39","guid":{"rendered":"https:\/\/blogsaverroes.juntadeandalucia.es\/ieslagranja\/?p=11225"},"modified":"2025-03-19T22:07:39","modified_gmt":"2025-03-19T20:07:39","slug":"visita-del-equipo-cedown-jerez","status":"publish","type":"post","link":"https:\/\/blogsaverroes.juntadeandalucia.es\/ieslagranja\/visita-del-equipo-cedown-jerez\/","title":{"rendered":"Visita del Equipo CEDOWN Jerez"},"content":{"rendered":"<p style=\"text-align: justify\"><span style=\"font-size: 10pt\">Nos han visitado, en el CF de T\u00e9cnicos en Cuidados Auxiliares de Enfermer\u00eda, el Equipo de CEDOWN Jerez, para darnos a conocer su campa\u00f1a #tancomot\u00fa as\u00ed como su gran labor.&nbsp;<\/span><\/p>\n<p style=\"text-align: justify\"><span style=\"font-size: 10pt\">Trabajan para conseguir una sociedad m\u00e1s inclusiva e integradora. Favoreciendo la autonom\u00eda de las personas con S\u00edndrome de Down creando servicios que se adapten a sus necesidades y a la de sus familias.<\/span><\/p>\n<p style=\"text-align: justify\"><span style=\"font-size: 10pt\">Enhorabuena por vuestro trabajo @cedownjerez y GRACIAS por toda la informaci\u00f3n recibida.<\/span><\/p>\n<p style=\"text-align: center\"><a href=\"https:\/\/blogsaverroes.juntadeandalucia.es\/ieslagranja\/files\/2025\/03\/CEDOWN-Jerez.png\"><img loading=\"lazy\" decoding=\"async\" class=\"alignnone size-large wp-image-11226\" src=\"https:\/\/blogsaverroes.juntadeandalucia.es\/ieslagranja\/files\/2025\/03\/CEDOWN-Jerez-1024x819.png\" alt=\"\" width=\"1024\" height=\"819\" srcset=\"https:\/\/blogsaverroes.juntadeandalucia.es\/ieslagranja\/files\/2025\/03\/CEDOWN-Jerez-1024x819.png 1024w, https:\/\/blogsaverroes.juntadeandalucia.es\/ieslagranja\/files\/2025\/03\/CEDOWN-Jerez-300x240.png 300w, https:\/\/blogsaverroes.juntadeandalucia.es\/ieslagranja\/files\/2025\/03\/CEDOWN-Jerez-768x614.png 768w, https:\/\/blogsaverroes.juntadeandalucia.es\/ieslagranja\/files\/2025\/03\/CEDOWN-Jerez-1536x1229.png 1536w, https:\/\/blogsaverroes.juntadeandalucia.es\/ieslagranja\/files\/2025\/03\/CEDOWN-Jerez.png 1600w\" sizes=\"(max-width: 1024px) 100vw, 1024px\" \/><\/a><\/p>\n","protected":false},"excerpt":{"rendered":"<p>Nos han visitado, en el CF de T\u00e9cnicos en Cuidados Auxiliares de Enfermer\u00eda, el Equipo de CEDOWN Jerez, para darnos a conocer su campa\u00f1a #tancomot\u00fa as\u00ed como su gran labor.&nbsp; Trabajan para conseguir una&#46;&#46;&#46;<\/p>\n","protected":false},"author":11116,"featured_media":11226,"comment_status":"closed","ping_status":"closed","sticky":false,"template":"","format":"standard","meta":{"ngg_post_thumbnail":0,"footnotes":""},"categories":[2351698,2351688],"tags":[],"aioseo_notices":[],"_links":{"self":[{"href":"https:\/\/blogsaverroes.juntadeandalucia.es\/ieslagranja\/wp-json\/wp\/v2\/posts\/11225"}],"collection":[{"href":"https:\/\/blogsaverroes.juntadeandalucia.es\/ieslagranja\/wp-json\/wp\/v2\/posts"}],"about":[{"href":"https:\/\/blogsaverroes.juntadeandalucia.es\/ieslagranja\/wp-json\/wp\/v2\/types\/post"}],"author":[{"embeddable":true,"href":"https:\/\/blogsaverroes.juntadeandalucia.es\/ieslagranja\/wp-json\/wp\/v2\/users\/11116"}],"replies":[{"embeddable":true,"href":"https:\/\/blogsaverroes.juntadeandalucia.es\/ieslagranja\/wp-json\/wp\/v2\/comments?post=11225"}],"version-history":[{"count":1,"href":"https:\/\/blogsaverroes.juntadeandalucia.es\/ieslagranja\/wp-json\/wp\/v2\/posts\/11225\/revisions"}],"predecessor-version":[{"id":11227,"href":"https:\/\/blogsaverroes.juntadeandalucia.es\/ieslagranja\/wp-json\/wp\/v2\/posts\/11225\/revisions\/11227"}],"wp:featuredmedia":[{"embeddable":true,"href":"https:\/\/blogsaverroes.juntadeandalucia.es\/ieslagranja\/wp-json\/wp\/v2\/media\/11226"}],"wp:attachment":[{"href":"https:\/\/blogsaverroes.juntadeandalucia.es\/ieslagranja\/wp-json\/wp\/v2\/media?parent=11225"}],"wp:term":[{"taxonomy":"category","embeddable":true,"href":"https:\/\/blogsaverroes.juntadeandalucia.es\/ieslagranja\/wp-json\/wp\/v2\/categories?post=11225"},{"taxonomy":"post_tag","embeddable":true,"href":"https:\/\/blogsaverroes.juntadeandalucia.es\/ieslagranja\/wp-json\/wp\/v2\/tags?post=11225"}],"curies":[{"name":"wp","href":"https:\/\/api.w.org\/{rel}","templated":true}]}}