{"id":11237,"date":"2025-03-25T10:34:23","date_gmt":"2025-03-25T08:34:23","guid":{"rendered":"https:\/\/blogsaverroes.juntadeandalucia.es\/ieslagranja\/?p=11237"},"modified":"2025-03-25T10:34:23","modified_gmt":"2025-03-25T08:34:23","slug":"2o-fgb-composicion-floral-vertical","status":"publish","type":"post","link":"https:\/\/blogsaverroes.juntadeandalucia.es\/ieslagranja\/2o-fgb-composicion-floral-vertical\/","title":{"rendered":"2\u00ba FGB: Composici\u00f3n floral vertical"},"content":{"rendered":"<p>El alumnado de 2\u00ba Formaci\u00f3n Grado B\u00e1sico Agro-jardiner\u00eda y Composiciones Florales, con su profesora Inma S\u00e1nchez, ha realizado esta composici\u00f3n floral vertical que se encuentra ubicada en el pasillo de Direcci\u00f3n.<\/p>\n<p style=\"text-align: center\"><a href=\"https:\/\/blogsaverroes.juntadeandalucia.es\/ieslagranja\/files\/2025\/03\/8cc6ee7a-3c8a-4a13-8f43-421bacb703aa.jpg\"><img loading=\"lazy\" decoding=\"async\" class=\"alignnone size-large wp-image-11239\" src=\"https:\/\/blogsaverroes.juntadeandalucia.es\/ieslagranja\/files\/2025\/03\/8cc6ee7a-3c8a-4a13-8f43-421bacb703aa-768x1024.jpg\" alt=\"\" width=\"768\" height=\"1024\" srcset=\"https:\/\/blogsaverroes.juntadeandalucia.es\/ieslagranja\/files\/2025\/03\/8cc6ee7a-3c8a-4a13-8f43-421bacb703aa-768x1024.jpg 768w, https:\/\/blogsaverroes.juntadeandalucia.es\/ieslagranja\/files\/2025\/03\/8cc6ee7a-3c8a-4a13-8f43-421bacb703aa-225x300.jpg 225w, https:\/\/blogsaverroes.juntadeandalucia.es\/ieslagranja\/files\/2025\/03\/8cc6ee7a-3c8a-4a13-8f43-421bacb703aa-1152x1536.jpg 1152w, https:\/\/blogsaverroes.juntadeandalucia.es\/ieslagranja\/files\/2025\/03\/8cc6ee7a-3c8a-4a13-8f43-421bacb703aa.jpg 1200w\" sizes=\"(max-width: 768px) 100vw, 768px\" \/><\/a> <a href=\"https:\/\/blogsaverroes.juntadeandalucia.es\/ieslagranja\/files\/2025\/03\/f90d9ce6-61be-4736-8442-5f164c2f1030.jpg\"><img loading=\"lazy\" decoding=\"async\" class=\"alignnone size-large wp-image-11242\" src=\"https:\/\/blogsaverroes.juntadeandalucia.es\/ieslagranja\/files\/2025\/03\/f90d9ce6-61be-4736-8442-5f164c2f1030-768x1024.jpg\" alt=\"\" width=\"768\" height=\"1024\" srcset=\"https:\/\/blogsaverroes.juntadeandalucia.es\/ieslagranja\/files\/2025\/03\/f90d9ce6-61be-4736-8442-5f164c2f1030-768x1024.jpg 768w, https:\/\/blogsaverroes.juntadeandalucia.es\/ieslagranja\/files\/2025\/03\/f90d9ce6-61be-4736-8442-5f164c2f1030-225x300.jpg 225w, https:\/\/blogsaverroes.juntadeandalucia.es\/ieslagranja\/files\/2025\/03\/f90d9ce6-61be-4736-8442-5f164c2f1030-1152x1536.jpg 1152w, https:\/\/blogsaverroes.juntadeandalucia.es\/ieslagranja\/files\/2025\/03\/f90d9ce6-61be-4736-8442-5f164c2f1030.jpg 1200w\" sizes=\"(max-width: 768px) 100vw, 768px\" \/><\/a>&nbsp;<\/p>\n","protected":false},"excerpt":{"rendered":"<p>El alumnado de 2\u00ba Formaci\u00f3n Grado B\u00e1sico Agro-jardiner\u00eda y Composiciones Florales, con su profesora Inma S\u00e1nchez, ha realizado esta composici\u00f3n floral vertical que se encuentra ubicada en el pasillo de Direcci\u00f3n. &nbsp;<\/p>\n","protected":false},"author":11116,"featured_media":11242,"comment_status":"closed","ping_status":"closed","sticky":false,"template":"","format":"standard","meta":{"ngg_post_thumbnail":0,"footnotes":""},"categories":[2351654,11909],"tags":[],"aioseo_notices":[],"_links":{"self":[{"href":"https:\/\/blogsaverroes.juntadeandalucia.es\/ieslagranja\/wp-json\/wp\/v2\/posts\/11237"}],"collection":[{"href":"https:\/\/blogsaverroes.juntadeandalucia.es\/ieslagranja\/wp-json\/wp\/v2\/posts"}],"about":[{"href":"https:\/\/blogsaverroes.juntadeandalucia.es\/ieslagranja\/wp-json\/wp\/v2\/types\/post"}],"author":[{"embeddable":true,"href":"https:\/\/blogsaverroes.juntadeandalucia.es\/ieslagranja\/wp-json\/wp\/v2\/users\/11116"}],"replies":[{"embeddable":true,"href":"https:\/\/blogsaverroes.juntadeandalucia.es\/ieslagranja\/wp-json\/wp\/v2\/comments?post=11237"}],"version-history":[{"count":2,"href":"https:\/\/blogsaverroes.juntadeandalucia.es\/ieslagranja\/wp-json\/wp\/v2\/posts\/11237\/revisions"}],"predecessor-version":[{"id":11243,"href":"https:\/\/blogsaverroes.juntadeandalucia.es\/ieslagranja\/wp-json\/wp\/v2\/posts\/11237\/revisions\/11243"}],"wp:featuredmedia":[{"embeddable":true,"href":"https:\/\/blogsaverroes.juntadeandalucia.es\/ieslagranja\/wp-json\/wp\/v2\/media\/11242"}],"wp:attachment":[{"href":"https:\/\/blogsaverroes.juntadeandalucia.es\/ieslagranja\/wp-json\/wp\/v2\/media?parent=11237"}],"wp:term":[{"taxonomy":"category","embeddable":true,"href":"https:\/\/blogsaverroes.juntadeandalucia.es\/ieslagranja\/wp-json\/wp\/v2\/categories?post=11237"},{"taxonomy":"post_tag","embeddable":true,"href":"https:\/\/blogsaverroes.juntadeandalucia.es\/ieslagranja\/wp-json\/wp\/v2\/tags?post=11237"}],"curies":[{"name":"wp","href":"https:\/\/api.w.org\/{rel}","templated":true}]}}