{"id":11273,"date":"2025-04-02T09:51:41","date_gmt":"2025-04-02T07:51:41","guid":{"rendered":"https:\/\/blogsaverroes.juntadeandalucia.es\/ieslagranja\/?p=11273"},"modified":"2025-04-02T10:05:58","modified_gmt":"2025-04-02T08:05:58","slug":"ii-encuentro-red-de-huertos","status":"publish","type":"post","link":"https:\/\/blogsaverroes.juntadeandalucia.es\/ieslagranja\/ii-encuentro-red-de-huertos\/","title":{"rendered":"II Encuentro Red de Huertos"},"content":{"rendered":"<p style=\"text-align: justify\">En Jerez de la Frontera se celebr\u00f3 el II Encuentro de Red de Huertos con la intervenci\u00f3n de Inma S\u00e1nchez. La profesora expuso el dise\u00f1o e instalaci\u00f3n de un Jard\u00edn Sensorial en el CEIP Sagrada Familia de la misma localidad con su alumnado de 2\u00ba FGB de Agrojardiner\u00eda y Composiciones Florales y la colaboraci\u00f3n del alumnado del mismo colegio.&nbsp;<\/p>\n<p style=\"text-align: center\"><iframe loading=\"lazy\" src=\"https:\/\/www.youtube.com\/embed\/ZjaB3lwAaWA?si=bFuJKQtQTf7kL58I\" width=\"560\" height=\"315\" frameborder=\"0\"><\/iframe>&nbsp;<\/p>\n<p style=\"text-align: center\"><iframe loading=\"lazy\" src=\"https:\/\/www.youtube.com\/embed\/Azqt-UUtP7o?si=TWAYZxmBXOf54yGS\" width=\"560\" height=\"315\" frameborder=\"0\"><\/iframe>&nbsp;<\/p>\n","protected":false},"excerpt":{"rendered":"<p>En Jerez de la Frontera se celebr\u00f3 el II Encuentro de Red de Huertos con la intervenci\u00f3n de Inma S\u00e1nchez. La profesora expuso el dise\u00f1o e instalaci\u00f3n de un Jard\u00edn Sensorial en el CEIP&#46;&#46;&#46;<\/p>\n","protected":false},"author":11116,"featured_media":11284,"comment_status":"closed","ping_status":"closed","sticky":false,"template":"","format":"standard","meta":{"ngg_post_thumbnail":0,"footnotes":""},"categories":[2351654,2351698],"tags":[],"aioseo_notices":[],"_links":{"self":[{"href":"https:\/\/blogsaverroes.juntadeandalucia.es\/ieslagranja\/wp-json\/wp\/v2\/posts\/11273"}],"collection":[{"href":"https:\/\/blogsaverroes.juntadeandalucia.es\/ieslagranja\/wp-json\/wp\/v2\/posts"}],"about":[{"href":"https:\/\/blogsaverroes.juntadeandalucia.es\/ieslagranja\/wp-json\/wp\/v2\/types\/post"}],"author":[{"embeddable":true,"href":"https:\/\/blogsaverroes.juntadeandalucia.es\/ieslagranja\/wp-json\/wp\/v2\/users\/11116"}],"replies":[{"embeddable":true,"href":"https:\/\/blogsaverroes.juntadeandalucia.es\/ieslagranja\/wp-json\/wp\/v2\/comments?post=11273"}],"version-history":[{"count":5,"href":"https:\/\/blogsaverroes.juntadeandalucia.es\/ieslagranja\/wp-json\/wp\/v2\/posts\/11273\/revisions"}],"predecessor-version":[{"id":11280,"href":"https:\/\/blogsaverroes.juntadeandalucia.es\/ieslagranja\/wp-json\/wp\/v2\/posts\/11273\/revisions\/11280"}],"wp:featuredmedia":[{"embeddable":true,"href":"https:\/\/blogsaverroes.juntadeandalucia.es\/ieslagranja\/wp-json\/wp\/v2\/media\/11284"}],"wp:attachment":[{"href":"https:\/\/blogsaverroes.juntadeandalucia.es\/ieslagranja\/wp-json\/wp\/v2\/media?parent=11273"}],"wp:term":[{"taxonomy":"category","embeddable":true,"href":"https:\/\/blogsaverroes.juntadeandalucia.es\/ieslagranja\/wp-json\/wp\/v2\/categories?post=11273"},{"taxonomy":"post_tag","embeddable":true,"href":"https:\/\/blogsaverroes.juntadeandalucia.es\/ieslagranja\/wp-json\/wp\/v2\/tags?post=11273"}],"curies":[{"name":"wp","href":"https:\/\/api.w.org\/{rel}","templated":true}]}}