{"id":11974,"date":"2025-11-06T13:22:25","date_gmt":"2025-11-06T11:22:25","guid":{"rendered":"https:\/\/blogsaverroes.juntadeandalucia.es\/ieslagranja\/?p=11974"},"modified":"2025-11-06T13:22:25","modified_gmt":"2025-11-06T11:22:25","slug":"2o-fgb-composicion-floral-otonal","status":"publish","type":"post","link":"https:\/\/blogsaverroes.juntadeandalucia.es\/ieslagranja\/2o-fgb-composicion-floral-otonal\/","title":{"rendered":"2\u00ba FGB Composici\u00f3n floral oto\u00f1al"},"content":{"rendered":"<p style=\"text-align: justify\">El alumnado de 2\u00ba Formaci\u00f3n de Grado B\u00e1sico del m\u00f3dulo de Composiciones Florales, con la profesora Inma S\u00e1nchez P\u00e9rez, ha realizado esta composici\u00f3n oto\u00f1al con materiales que habitualmente se pueden encontrar en el bosque durante esta estaci\u00f3n. Actualmente se encuentra expuesto en el pasillo de Direcci\u00f3n.&nbsp;<\/p>\n<p style=\"text-align: center\"><a href=\"https:\/\/youtube.com\/shorts\/dkC7hHljnyU?si=hCtQBJBzOTnLoBwm\"><img loading=\"lazy\" decoding=\"async\" class=\"alignnone size-full wp-image-11975\" src=\"https:\/\/blogsaverroes.juntadeandalucia.es\/ieslagranja\/files\/2025\/11\/otono.jpg\" alt=\"\" width=\"312\" height=\"554\" srcset=\"https:\/\/blogsaverroes.juntadeandalucia.es\/ieslagranja\/files\/2025\/11\/otono.jpg 312w, https:\/\/blogsaverroes.juntadeandalucia.es\/ieslagranja\/files\/2025\/11\/otono-169x300.jpg 169w\" sizes=\"(max-width: 312px) 100vw, 312px\" \/><\/a><\/p>\n","protected":false},"excerpt":{"rendered":"<p>El alumnado de 2\u00ba Formaci\u00f3n de Grado B\u00e1sico del m\u00f3dulo de Composiciones Florales, con la profesora Inma S\u00e1nchez P\u00e9rez, ha realizado esta composici\u00f3n oto\u00f1al con materiales que habitualmente se pueden encontrar en el bosque&#46;&#46;&#46;<\/p>\n","protected":false},"author":11116,"featured_media":11975,"comment_status":"closed","ping_status":"closed","sticky":false,"template":"","format":"standard","meta":{"ngg_post_thumbnail":0,"footnotes":""},"categories":[2351654,2351701,2351648],"tags":[],"aioseo_notices":[],"_links":{"self":[{"href":"https:\/\/blogsaverroes.juntadeandalucia.es\/ieslagranja\/wp-json\/wp\/v2\/posts\/11974"}],"collection":[{"href":"https:\/\/blogsaverroes.juntadeandalucia.es\/ieslagranja\/wp-json\/wp\/v2\/posts"}],"about":[{"href":"https:\/\/blogsaverroes.juntadeandalucia.es\/ieslagranja\/wp-json\/wp\/v2\/types\/post"}],"author":[{"embeddable":true,"href":"https:\/\/blogsaverroes.juntadeandalucia.es\/ieslagranja\/wp-json\/wp\/v2\/users\/11116"}],"replies":[{"embeddable":true,"href":"https:\/\/blogsaverroes.juntadeandalucia.es\/ieslagranja\/wp-json\/wp\/v2\/comments?post=11974"}],"version-history":[{"count":1,"href":"https:\/\/blogsaverroes.juntadeandalucia.es\/ieslagranja\/wp-json\/wp\/v2\/posts\/11974\/revisions"}],"predecessor-version":[{"id":11976,"href":"https:\/\/blogsaverroes.juntadeandalucia.es\/ieslagranja\/wp-json\/wp\/v2\/posts\/11974\/revisions\/11976"}],"wp:featuredmedia":[{"embeddable":true,"href":"https:\/\/blogsaverroes.juntadeandalucia.es\/ieslagranja\/wp-json\/wp\/v2\/media\/11975"}],"wp:attachment":[{"href":"https:\/\/blogsaverroes.juntadeandalucia.es\/ieslagranja\/wp-json\/wp\/v2\/media?parent=11974"}],"wp:term":[{"taxonomy":"category","embeddable":true,"href":"https:\/\/blogsaverroes.juntadeandalucia.es\/ieslagranja\/wp-json\/wp\/v2\/categories?post=11974"},{"taxonomy":"post_tag","embeddable":true,"href":"https:\/\/blogsaverroes.juntadeandalucia.es\/ieslagranja\/wp-json\/wp\/v2\/tags?post=11974"}],"curies":[{"name":"wp","href":"https:\/\/api.w.org\/{rel}","templated":true}]}}