{"id":11984,"date":"2025-11-07T20:25:30","date_gmt":"2025-11-07T18:25:30","guid":{"rendered":"https:\/\/blogsaverroes.juntadeandalucia.es\/ieslagranja\/?p=11984"},"modified":"2025-11-07T20:27:00","modified_gmt":"2025-11-07T18:27:00","slug":"visita-de-la-empresa-surfly-studio","status":"publish","type":"post","link":"https:\/\/blogsaverroes.juntadeandalucia.es\/ieslagranja\/visita-de-la-empresa-surfly-studio\/","title":{"rendered":"Visita de la empresa Surfly Studio"},"content":{"rendered":"<p style=\"text-align: justify\">El Departamento de FOL ha gestionado la visita a nuestro centro de la empresa SURFLY STUDIO, dedicada a la Producci\u00f3n Audiovisual creando marcas y contenidos en storytellers digitales. El alumnado de segundo curso de ILUMINACI\u00d3N Y PRODUCCI\u00d3N AUDIOVISUAL ha comprobado de forma directa como ADRI\u00c1N G\u00d3MEZ (Jefe de producci\u00f3n de SURFLY STUDIO) ha analizado la situaci\u00f3n actual del sector en nuestro entorno, as\u00ed como indicado pautas y consejos para poner en marcha un negocio relacionado con el sector.<br \/>\nSurfly Studios desarrolla trabajos para empresas tales como GONZALEZ BYASS, PORCELANOSA, COVAP, ESENZIA, HELLO MONDAY, D\u00b4PAZZOS MOTOR, XPECADO BURGER, INSTITUTO NOA, MUEBLES REY, ELENA MOORE STUDIOS, etc.<br \/>\nAdem\u00e1s, Surfly colabora con el centro acogiendo alumnado en la FP DUAL. Desde el DEPARTAMENTO DE FOL, agradecemos a Adri\u00e1n la atenci\u00f3n prestada con el IES LA GRANJA.<\/p>\n<p style=\"text-align: center\"><a href=\"https:\/\/blogsaverroes.juntadeandalucia.es\/ieslagranja\/files\/2025\/11\/pg1.jpg\"><img loading=\"lazy\" decoding=\"async\" class=\"alignnone size-full wp-image-11985\" src=\"https:\/\/blogsaverroes.juntadeandalucia.es\/ieslagranja\/files\/2025\/11\/pg1.jpg\" alt=\"\" width=\"1600\" height=\"900\" srcset=\"https:\/\/blogsaverroes.juntadeandalucia.es\/ieslagranja\/files\/2025\/11\/pg1.jpg 1600w, https:\/\/blogsaverroes.juntadeandalucia.es\/ieslagranja\/files\/2025\/11\/pg1-300x169.jpg 300w, https:\/\/blogsaverroes.juntadeandalucia.es\/ieslagranja\/files\/2025\/11\/pg1-1024x576.jpg 1024w, https:\/\/blogsaverroes.juntadeandalucia.es\/ieslagranja\/files\/2025\/11\/pg1-768x432.jpg 768w, https:\/\/blogsaverroes.juntadeandalucia.es\/ieslagranja\/files\/2025\/11\/pg1-1536x864.jpg 1536w\" sizes=\"(max-width: 1600px) 100vw, 1600px\" \/><\/a> <a href=\"https:\/\/blogsaverroes.juntadeandalucia.es\/ieslagranja\/files\/2025\/11\/pg2.jpg\"><img loading=\"lazy\" decoding=\"async\" class=\"alignnone size-full wp-image-11986\" src=\"https:\/\/blogsaverroes.juntadeandalucia.es\/ieslagranja\/files\/2025\/11\/pg2.jpg\" alt=\"\" width=\"2040\" height=\"1530\" srcset=\"https:\/\/blogsaverroes.juntadeandalucia.es\/ieslagranja\/files\/2025\/11\/pg2.jpg 1600w, https:\/\/blogsaverroes.juntadeandalucia.es\/ieslagranja\/files\/2025\/11\/pg2-300x225.jpg 300w, https:\/\/blogsaverroes.juntadeandalucia.es\/ieslagranja\/files\/2025\/11\/pg2-1024x768.jpg 1024w, https:\/\/blogsaverroes.juntadeandalucia.es\/ieslagranja\/files\/2025\/11\/pg2-768x576.jpg 768w, https:\/\/blogsaverroes.juntadeandalucia.es\/ieslagranja\/files\/2025\/11\/pg2-1536x1152.jpg 1536w\" sizes=\"(max-width: 2040px) 100vw, 2040px\" \/><\/a><\/p>\n","protected":false},"excerpt":{"rendered":"<p>El Departamento de FOL ha gestionado la visita a nuestro centro de la empresa SURFLY STUDIO, dedicada a la Producci\u00f3n Audiovisual creando marcas y contenidos en storytellers digitales. El alumnado de segundo curso de&#46;&#46;&#46;<\/p>\n","protected":false},"author":11116,"featured_media":11985,"comment_status":"closed","ping_status":"closed","sticky":false,"template":"","format":"standard","meta":{"ngg_post_thumbnail":0,"footnotes":""},"categories":[2351701,2351703,2351648],"tags":[],"aioseo_notices":[],"_links":{"self":[{"href":"https:\/\/blogsaverroes.juntadeandalucia.es\/ieslagranja\/wp-json\/wp\/v2\/posts\/11984"}],"collection":[{"href":"https:\/\/blogsaverroes.juntadeandalucia.es\/ieslagranja\/wp-json\/wp\/v2\/posts"}],"about":[{"href":"https:\/\/blogsaverroes.juntadeandalucia.es\/ieslagranja\/wp-json\/wp\/v2\/types\/post"}],"author":[{"embeddable":true,"href":"https:\/\/blogsaverroes.juntadeandalucia.es\/ieslagranja\/wp-json\/wp\/v2\/users\/11116"}],"replies":[{"embeddable":true,"href":"https:\/\/blogsaverroes.juntadeandalucia.es\/ieslagranja\/wp-json\/wp\/v2\/comments?post=11984"}],"version-history":[{"count":1,"href":"https:\/\/blogsaverroes.juntadeandalucia.es\/ieslagranja\/wp-json\/wp\/v2\/posts\/11984\/revisions"}],"predecessor-version":[{"id":11987,"href":"https:\/\/blogsaverroes.juntadeandalucia.es\/ieslagranja\/wp-json\/wp\/v2\/posts\/11984\/revisions\/11987"}],"wp:featuredmedia":[{"embeddable":true,"href":"https:\/\/blogsaverroes.juntadeandalucia.es\/ieslagranja\/wp-json\/wp\/v2\/media\/11985"}],"wp:attachment":[{"href":"https:\/\/blogsaverroes.juntadeandalucia.es\/ieslagranja\/wp-json\/wp\/v2\/media?parent=11984"}],"wp:term":[{"taxonomy":"category","embeddable":true,"href":"https:\/\/blogsaverroes.juntadeandalucia.es\/ieslagranja\/wp-json\/wp\/v2\/categories?post=11984"},{"taxonomy":"post_tag","embeddable":true,"href":"https:\/\/blogsaverroes.juntadeandalucia.es\/ieslagranja\/wp-json\/wp\/v2\/tags?post=11984"}],"curies":[{"name":"wp","href":"https:\/\/api.w.org\/{rel}","templated":true}]}}