{"id":11988,"date":"2025-11-10T21:40:55","date_gmt":"2025-11-10T19:40:55","guid":{"rendered":"https:\/\/blogsaverroes.juntadeandalucia.es\/ieslagranja\/?p=11988"},"modified":"2025-11-10T21:43:33","modified_gmt":"2025-11-10T19:43:33","slug":"dia-mundial-de-las-diabetes","status":"publish","type":"post","link":"https:\/\/blogsaverroes.juntadeandalucia.es\/ieslagranja\/dia-mundial-de-las-diabetes\/","title":{"rendered":"D\u00eda Mundial de las Diabetes"},"content":{"rendered":"<p style=\"text-align: justify\">Hoy hemos celebrado el D\u00eda Mundial de las Diabetes (aunque en realidad es el 14 de noviembre) y nos han visitado representantes de la asociaci\u00f3n ADIJE, asociaci\u00f3n de diabetes de Jerez, para darnos una charla sobre la enfermedad y para hacer controles de glucemia.<\/p>\n<p style=\"text-align: center\"><a href=\"https:\/\/blogsaverroes.juntadeandalucia.es\/ieslagranja\/files\/2025\/11\/20.jpg\"><img loading=\"lazy\" decoding=\"async\" class=\"alignnone size-full wp-image-12008\" src=\"https:\/\/blogsaverroes.juntadeandalucia.es\/ieslagranja\/files\/2025\/11\/20.jpg\" alt=\"\" width=\"1200\" height=\"1600\" srcset=\"https:\/\/blogsaverroes.juntadeandalucia.es\/ieslagranja\/files\/2025\/11\/20.jpg 1200w, https:\/\/blogsaverroes.juntadeandalucia.es\/ieslagranja\/files\/2025\/11\/20-225x300.jpg 225w, https:\/\/blogsaverroes.juntadeandalucia.es\/ieslagranja\/files\/2025\/11\/20-768x1024.jpg 768w, https:\/\/blogsaverroes.juntadeandalucia.es\/ieslagranja\/files\/2025\/11\/20-1152x1536.jpg 1152w\" sizes=\"(max-width: 1200px) 100vw, 1200px\" \/><\/a> <a href=\"https:\/\/blogsaverroes.juntadeandalucia.es\/ieslagranja\/files\/2025\/11\/19.jpg\"><img loading=\"lazy\" decoding=\"async\" class=\"alignnone size-full wp-image-12007\" src=\"https:\/\/blogsaverroes.juntadeandalucia.es\/ieslagranja\/files\/2025\/11\/19.jpg\" alt=\"\" width=\"1200\" height=\"1600\" srcset=\"https:\/\/blogsaverroes.juntadeandalucia.es\/ieslagranja\/files\/2025\/11\/19.jpg 1200w, https:\/\/blogsaverroes.juntadeandalucia.es\/ieslagranja\/files\/2025\/11\/19-225x300.jpg 225w, https:\/\/blogsaverroes.juntadeandalucia.es\/ieslagranja\/files\/2025\/11\/19-768x1024.jpg 768w, https:\/\/blogsaverroes.juntadeandalucia.es\/ieslagranja\/files\/2025\/11\/19-1152x1536.jpg 1152w\" sizes=\"(max-width: 1200px) 100vw, 1200px\" \/><\/a> <a href=\"https:\/\/blogsaverroes.juntadeandalucia.es\/ieslagranja\/files\/2025\/11\/18.jpg\"><img loading=\"lazy\" decoding=\"async\" class=\"alignnone size-full wp-image-12006\" src=\"https:\/\/blogsaverroes.juntadeandalucia.es\/ieslagranja\/files\/2025\/11\/18.jpg\" alt=\"\" width=\"1200\" height=\"1600\" srcset=\"https:\/\/blogsaverroes.juntadeandalucia.es\/ieslagranja\/files\/2025\/11\/18.jpg 1200w, https:\/\/blogsaverroes.juntadeandalucia.es\/ieslagranja\/files\/2025\/11\/18-225x300.jpg 225w, https:\/\/blogsaverroes.juntadeandalucia.es\/ieslagranja\/files\/2025\/11\/18-768x1024.jpg 768w, https:\/\/blogsaverroes.juntadeandalucia.es\/ieslagranja\/files\/2025\/11\/18-1152x1536.jpg 1152w\" sizes=\"(max-width: 1200px) 100vw, 1200px\" \/><\/a> <a href=\"https:\/\/blogsaverroes.juntadeandalucia.es\/ieslagranja\/files\/2025\/11\/17.jpg\"><img loading=\"lazy\" decoding=\"async\" class=\"alignnone size-full wp-image-12005\" src=\"https:\/\/blogsaverroes.juntadeandalucia.es\/ieslagranja\/files\/2025\/11\/17.jpg\" alt=\"\" width=\"1200\" height=\"1600\" srcset=\"https:\/\/blogsaverroes.juntadeandalucia.es\/ieslagranja\/files\/2025\/11\/17.jpg 1200w, https:\/\/blogsaverroes.juntadeandalucia.es\/ieslagranja\/files\/2025\/11\/17-225x300.jpg 225w, https:\/\/blogsaverroes.juntadeandalucia.es\/ieslagranja\/files\/2025\/11\/17-768x1024.jpg 768w, https:\/\/blogsaverroes.juntadeandalucia.es\/ieslagranja\/files\/2025\/11\/17-1152x1536.jpg 1152w\" sizes=\"(max-width: 1200px) 100vw, 1200px\" \/><\/a> <a href=\"https:\/\/blogsaverroes.juntadeandalucia.es\/ieslagranja\/files\/2025\/11\/16.jpg\"><img loading=\"lazy\" decoding=\"async\" class=\"alignnone size-full wp-image-12004\" src=\"https:\/\/blogsaverroes.juntadeandalucia.es\/ieslagranja\/files\/2025\/11\/16.jpg\" alt=\"\" width=\"1200\" height=\"1600\" srcset=\"https:\/\/blogsaverroes.juntadeandalucia.es\/ieslagranja\/files\/2025\/11\/16.jpg 1200w, https:\/\/blogsaverroes.juntadeandalucia.es\/ieslagranja\/files\/2025\/11\/16-225x300.jpg 225w, https:\/\/blogsaverroes.juntadeandalucia.es\/ieslagranja\/files\/2025\/11\/16-768x1024.jpg 768w, https:\/\/blogsaverroes.juntadeandalucia.es\/ieslagranja\/files\/2025\/11\/16-1152x1536.jpg 1152w\" sizes=\"(max-width: 1200px) 100vw, 1200px\" \/><\/a> <a href=\"https:\/\/blogsaverroes.juntadeandalucia.es\/ieslagranja\/files\/2025\/11\/15.jpg\"><img loading=\"lazy\" decoding=\"async\" class=\"alignnone size-full wp-image-12003\" src=\"https:\/\/blogsaverroes.juntadeandalucia.es\/ieslagranja\/files\/2025\/11\/15.jpg\" alt=\"\" width=\"1200\" height=\"1600\" srcset=\"https:\/\/blogsaverroes.juntadeandalucia.es\/ieslagranja\/files\/2025\/11\/15.jpg 1200w, https:\/\/blogsaverroes.juntadeandalucia.es\/ieslagranja\/files\/2025\/11\/15-225x300.jpg 225w, https:\/\/blogsaverroes.juntadeandalucia.es\/ieslagranja\/files\/2025\/11\/15-768x1024.jpg 768w, https:\/\/blogsaverroes.juntadeandalucia.es\/ieslagranja\/files\/2025\/11\/15-1152x1536.jpg 1152w\" sizes=\"(max-width: 1200px) 100vw, 1200px\" \/><\/a> <a href=\"https:\/\/blogsaverroes.juntadeandalucia.es\/ieslagranja\/files\/2025\/11\/13.jpg\"><img loading=\"lazy\" decoding=\"async\" class=\"alignnone size-full wp-image-12001\" src=\"https:\/\/blogsaverroes.juntadeandalucia.es\/ieslagranja\/files\/2025\/11\/13.jpg\" alt=\"\" width=\"1200\" height=\"1600\" srcset=\"https:\/\/blogsaverroes.juntadeandalucia.es\/ieslagranja\/files\/2025\/11\/13.jpg 1200w, https:\/\/blogsaverroes.juntadeandalucia.es\/ieslagranja\/files\/2025\/11\/13-225x300.jpg 225w, https:\/\/blogsaverroes.juntadeandalucia.es\/ieslagranja\/files\/2025\/11\/13-768x1024.jpg 768w, https:\/\/blogsaverroes.juntadeandalucia.es\/ieslagranja\/files\/2025\/11\/13-1152x1536.jpg 1152w\" sizes=\"(max-width: 1200px) 100vw, 1200px\" \/><\/a> <a href=\"https:\/\/blogsaverroes.juntadeandalucia.es\/ieslagranja\/files\/2025\/11\/10.jpg\"><img loading=\"lazy\" decoding=\"async\" class=\"alignnone size-full wp-image-11998\" src=\"https:\/\/blogsaverroes.juntadeandalucia.es\/ieslagranja\/files\/2025\/11\/10.jpg\" alt=\"\" width=\"1200\" height=\"1600\" srcset=\"https:\/\/blogsaverroes.juntadeandalucia.es\/ieslagranja\/files\/2025\/11\/10.jpg 1200w, https:\/\/blogsaverroes.juntadeandalucia.es\/ieslagranja\/files\/2025\/11\/10-225x300.jpg 225w, https:\/\/blogsaverroes.juntadeandalucia.es\/ieslagranja\/files\/2025\/11\/10-768x1024.jpg 768w, https:\/\/blogsaverroes.juntadeandalucia.es\/ieslagranja\/files\/2025\/11\/10-1152x1536.jpg 1152w\" sizes=\"(max-width: 1200px) 100vw, 1200px\" \/><\/a> <a href=\"https:\/\/blogsaverroes.juntadeandalucia.es\/ieslagranja\/files\/2025\/11\/9.jpg\"><img loading=\"lazy\" decoding=\"async\" class=\"alignnone size-full wp-image-11997\" src=\"https:\/\/blogsaverroes.juntadeandalucia.es\/ieslagranja\/files\/2025\/11\/9.jpg\" alt=\"\" width=\"1200\" height=\"1600\" srcset=\"https:\/\/blogsaverroes.juntadeandalucia.es\/ieslagranja\/files\/2025\/11\/9.jpg 1200w, https:\/\/blogsaverroes.juntadeandalucia.es\/ieslagranja\/files\/2025\/11\/9-225x300.jpg 225w, https:\/\/blogsaverroes.juntadeandalucia.es\/ieslagranja\/files\/2025\/11\/9-768x1024.jpg 768w, https:\/\/blogsaverroes.juntadeandalucia.es\/ieslagranja\/files\/2025\/11\/9-1152x1536.jpg 1152w\" sizes=\"(max-width: 1200px) 100vw, 1200px\" \/><\/a> <a href=\"https:\/\/blogsaverroes.juntadeandalucia.es\/ieslagranja\/files\/2025\/11\/5.jpg\"><img loading=\"lazy\" decoding=\"async\" class=\"alignnone size-full wp-image-11993\" src=\"https:\/\/blogsaverroes.juntadeandalucia.es\/ieslagranja\/files\/2025\/11\/5.jpg\" alt=\"\" width=\"1200\" height=\"1600\" srcset=\"https:\/\/blogsaverroes.juntadeandalucia.es\/ieslagranja\/files\/2025\/11\/5.jpg 1200w, https:\/\/blogsaverroes.juntadeandalucia.es\/ieslagranja\/files\/2025\/11\/5-225x300.jpg 225w, https:\/\/blogsaverroes.juntadeandalucia.es\/ieslagranja\/files\/2025\/11\/5-768x1024.jpg 768w, https:\/\/blogsaverroes.juntadeandalucia.es\/ieslagranja\/files\/2025\/11\/5-1152x1536.jpg 1152w\" sizes=\"(max-width: 1200px) 100vw, 1200px\" \/><\/a> <a href=\"https:\/\/blogsaverroes.juntadeandalucia.es\/ieslagranja\/files\/2025\/11\/4.jpg\"><img loading=\"lazy\" decoding=\"async\" class=\"alignnone size-full wp-image-11992\" src=\"https:\/\/blogsaverroes.juntadeandalucia.es\/ieslagranja\/files\/2025\/11\/4.jpg\" alt=\"\" width=\"1200\" height=\"1600\" srcset=\"https:\/\/blogsaverroes.juntadeandalucia.es\/ieslagranja\/files\/2025\/11\/4.jpg 1200w, https:\/\/blogsaverroes.juntadeandalucia.es\/ieslagranja\/files\/2025\/11\/4-225x300.jpg 225w, https:\/\/blogsaverroes.juntadeandalucia.es\/ieslagranja\/files\/2025\/11\/4-768x1024.jpg 768w, https:\/\/blogsaverroes.juntadeandalucia.es\/ieslagranja\/files\/2025\/11\/4-1152x1536.jpg 1152w\" sizes=\"(max-width: 1200px) 100vw, 1200px\" \/><\/a> <a href=\"https:\/\/blogsaverroes.juntadeandalucia.es\/ieslagranja\/files\/2025\/11\/3.jpg\"><img loading=\"lazy\" decoding=\"async\" class=\"alignnone size-full wp-image-11991\" src=\"https:\/\/blogsaverroes.juntadeandalucia.es\/ieslagranja\/files\/2025\/11\/3.jpg\" alt=\"\" width=\"1200\" height=\"1600\" srcset=\"https:\/\/blogsaverroes.juntadeandalucia.es\/ieslagranja\/files\/2025\/11\/3.jpg 1200w, https:\/\/blogsaverroes.juntadeandalucia.es\/ieslagranja\/files\/2025\/11\/3-225x300.jpg 225w, https:\/\/blogsaverroes.juntadeandalucia.es\/ieslagranja\/files\/2025\/11\/3-768x1024.jpg 768w, https:\/\/blogsaverroes.juntadeandalucia.es\/ieslagranja\/files\/2025\/11\/3-1152x1536.jpg 1152w\" sizes=\"(max-width: 1200px) 100vw, 1200px\" \/><\/a> <a href=\"https:\/\/blogsaverroes.juntadeandalucia.es\/ieslagranja\/files\/2025\/11\/1.jpg\"><img loading=\"lazy\" decoding=\"async\" class=\"alignnone size-full wp-image-11989\" src=\"https:\/\/blogsaverroes.juntadeandalucia.es\/ieslagranja\/files\/2025\/11\/1.jpg\" alt=\"\" width=\"1200\" height=\"1600\" srcset=\"https:\/\/blogsaverroes.juntadeandalucia.es\/ieslagranja\/files\/2025\/11\/1.jpg 1200w, https:\/\/blogsaverroes.juntadeandalucia.es\/ieslagranja\/files\/2025\/11\/1-225x300.jpg 225w, https:\/\/blogsaverroes.juntadeandalucia.es\/ieslagranja\/files\/2025\/11\/1-768x1024.jpg 768w, https:\/\/blogsaverroes.juntadeandalucia.es\/ieslagranja\/files\/2025\/11\/1-1152x1536.jpg 1152w\" sizes=\"(max-width: 1200px) 100vw, 1200px\" \/><\/a><\/p>\n","protected":false},"excerpt":{"rendered":"<p>Hoy hemos celebrado el D\u00eda Mundial de las Diabetes (aunque en realidad es el 14 de noviembre) y nos han visitado representantes de la asociaci\u00f3n ADIJE, asociaci\u00f3n de diabetes de Jerez, para darnos una&#46;&#46;&#46;<\/p>\n","protected":false},"author":11116,"featured_media":12007,"comment_status":"closed","ping_status":"closed","sticky":false,"template":"","format":"standard","meta":{"ngg_post_thumbnail":0,"footnotes":""},"categories":[2351701,2351648,2351688],"tags":[],"aioseo_notices":[],"_links":{"self":[{"href":"https:\/\/blogsaverroes.juntadeandalucia.es\/ieslagranja\/wp-json\/wp\/v2\/posts\/11988"}],"collection":[{"href":"https:\/\/blogsaverroes.juntadeandalucia.es\/ieslagranja\/wp-json\/wp\/v2\/posts"}],"about":[{"href":"https:\/\/blogsaverroes.juntadeandalucia.es\/ieslagranja\/wp-json\/wp\/v2\/types\/post"}],"author":[{"embeddable":true,"href":"https:\/\/blogsaverroes.juntadeandalucia.es\/ieslagranja\/wp-json\/wp\/v2\/users\/11116"}],"replies":[{"embeddable":true,"href":"https:\/\/blogsaverroes.juntadeandalucia.es\/ieslagranja\/wp-json\/wp\/v2\/comments?post=11988"}],"version-history":[{"count":1,"href":"https:\/\/blogsaverroes.juntadeandalucia.es\/ieslagranja\/wp-json\/wp\/v2\/posts\/11988\/revisions"}],"predecessor-version":[{"id":12009,"href":"https:\/\/blogsaverroes.juntadeandalucia.es\/ieslagranja\/wp-json\/wp\/v2\/posts\/11988\/revisions\/12009"}],"wp:featuredmedia":[{"embeddable":true,"href":"https:\/\/blogsaverroes.juntadeandalucia.es\/ieslagranja\/wp-json\/wp\/v2\/media\/12007"}],"wp:attachment":[{"href":"https:\/\/blogsaverroes.juntadeandalucia.es\/ieslagranja\/wp-json\/wp\/v2\/media?parent=11988"}],"wp:term":[{"taxonomy":"category","embeddable":true,"href":"https:\/\/blogsaverroes.juntadeandalucia.es\/ieslagranja\/wp-json\/wp\/v2\/categories?post=11988"},{"taxonomy":"post_tag","embeddable":true,"href":"https:\/\/blogsaverroes.juntadeandalucia.es\/ieslagranja\/wp-json\/wp\/v2\/tags?post=11988"}],"curies":[{"name":"wp","href":"https:\/\/api.w.org\/{rel}","templated":true}]}}