{"id":12068,"date":"2025-11-26T13:12:10","date_gmt":"2025-11-26T11:12:10","guid":{"rendered":"https:\/\/blogsaverroes.juntadeandalucia.es\/ieslagranja\/?p=12068"},"modified":"2025-11-27T13:12:32","modified_gmt":"2025-11-27T11:12:32","slug":"2o-grado-basico-jardineria-visita-a-cadiz","status":"publish","type":"post","link":"https:\/\/blogsaverroes.juntadeandalucia.es\/ieslagranja\/2o-grado-basico-jardineria-visita-a-cadiz\/","title":{"rendered":"2\u00ba Grado B\u00e1sico Jardiner\u00eda: Visita a C\u00e1diz"},"content":{"rendered":"<p style=\"text-align: justify\">El alumnado de 2\u00ba Grado B\u00e1sico de Jardiner\u00eda, dentro de los m\u00f3dulos de Composiciones Florales y Mantenimiento de Jardines, han tenido la ocasi\u00f3n de visitar jardines y florister\u00edas de C\u00e1diz. Acompa\u00f1ados por sus profesoras \u00c1ngela Pina e Inmaculada S\u00e1nchez han podido observar c\u00f3mo los jardineros municipales hac\u00edan las labores de poda y mantenimiento propias del mes noviembre.<\/p>\n<p style=\"text-align: center\"><a href=\"https:\/\/youtube.com\/shorts\/AK_ldjzGEzM?si=CuIB5nf_3zuq2aAi\"><img loading=\"lazy\" decoding=\"async\" class=\"alignnone size-full wp-image-12069\" src=\"https:\/\/blogsaverroes.juntadeandalucia.es\/ieslagranja\/files\/2025\/11\/Captura-de-pantalla-2025-11-27-120630.png\" alt=\"\" width=\"314\" height=\"557\" srcset=\"https:\/\/blogsaverroes.juntadeandalucia.es\/ieslagranja\/files\/2025\/11\/Captura-de-pantalla-2025-11-27-120630.png 314w, https:\/\/blogsaverroes.juntadeandalucia.es\/ieslagranja\/files\/2025\/11\/Captura-de-pantalla-2025-11-27-120630-169x300.png 169w\" sizes=\"(max-width: 314px) 100vw, 314px\" \/><\/a><\/p>\n","protected":false},"excerpt":{"rendered":"<p>El alumnado de 2\u00ba Grado B\u00e1sico de Jardiner\u00eda, dentro de los m\u00f3dulos de Composiciones Florales y Mantenimiento de Jardines, han tenido la ocasi\u00f3n de visitar jardines y florister\u00edas de C\u00e1diz. Acompa\u00f1ados por sus profesoras&#46;&#46;&#46;<\/p>\n","protected":false},"author":11116,"featured_media":12069,"comment_status":"closed","ping_status":"closed","sticky":false,"template":"","format":"standard","meta":{"ngg_post_thumbnail":0,"footnotes":""},"categories":[2351654,2351701,2351648],"tags":[],"aioseo_notices":[],"_links":{"self":[{"href":"https:\/\/blogsaverroes.juntadeandalucia.es\/ieslagranja\/wp-json\/wp\/v2\/posts\/12068"}],"collection":[{"href":"https:\/\/blogsaverroes.juntadeandalucia.es\/ieslagranja\/wp-json\/wp\/v2\/posts"}],"about":[{"href":"https:\/\/blogsaverroes.juntadeandalucia.es\/ieslagranja\/wp-json\/wp\/v2\/types\/post"}],"author":[{"embeddable":true,"href":"https:\/\/blogsaverroes.juntadeandalucia.es\/ieslagranja\/wp-json\/wp\/v2\/users\/11116"}],"replies":[{"embeddable":true,"href":"https:\/\/blogsaverroes.juntadeandalucia.es\/ieslagranja\/wp-json\/wp\/v2\/comments?post=12068"}],"version-history":[{"count":1,"href":"https:\/\/blogsaverroes.juntadeandalucia.es\/ieslagranja\/wp-json\/wp\/v2\/posts\/12068\/revisions"}],"predecessor-version":[{"id":12070,"href":"https:\/\/blogsaverroes.juntadeandalucia.es\/ieslagranja\/wp-json\/wp\/v2\/posts\/12068\/revisions\/12070"}],"wp:featuredmedia":[{"embeddable":true,"href":"https:\/\/blogsaverroes.juntadeandalucia.es\/ieslagranja\/wp-json\/wp\/v2\/media\/12069"}],"wp:attachment":[{"href":"https:\/\/blogsaverroes.juntadeandalucia.es\/ieslagranja\/wp-json\/wp\/v2\/media?parent=12068"}],"wp:term":[{"taxonomy":"category","embeddable":true,"href":"https:\/\/blogsaverroes.juntadeandalucia.es\/ieslagranja\/wp-json\/wp\/v2\/categories?post=12068"},{"taxonomy":"post_tag","embeddable":true,"href":"https:\/\/blogsaverroes.juntadeandalucia.es\/ieslagranja\/wp-json\/wp\/v2\/tags?post=12068"}],"curies":[{"name":"wp","href":"https:\/\/api.w.org\/{rel}","templated":true}]}}