{"id":12240,"date":"2025-12-04T18:28:03","date_gmt":"2025-12-04T16:28:03","guid":{"rendered":"https:\/\/blogsaverroes.juntadeandalucia.es\/ieslagranja\/?p=12240"},"modified":"2025-12-04T18:28:03","modified_gmt":"2025-12-04T16:28:03","slug":"dia-de-la-bandera-en-fisica-y-quimica","status":"publish","type":"post","link":"https:\/\/blogsaverroes.juntadeandalucia.es\/ieslagranja\/dia-de-la-bandera-en-fisica-y-quimica\/","title":{"rendered":"D\u00eda de la Bandera en F\u00edsica y Qu\u00edmica"},"content":{"rendered":"<p style=\"text-align: justify\">El alumnado de 2\u00b0ESO C ha reproducido las banderas de Andaluc\u00eda y Espa\u00f1a en tubos de ensayo usando disoluciones de distintas densidades. Ha sido una manera diferente de celebrar el D\u00eda de la Bandera con su profesor \u00c1ngel Plazas en la materia de F\u00edsica y Qu\u00edmica.&nbsp;<\/p>\n<p style=\"text-align: center\"><a href=\"https:\/\/blogsaverroes.juntadeandalucia.es\/ieslagranja\/files\/2025\/12\/fq.jpg\"><img loading=\"lazy\" decoding=\"async\" class=\"alignnone size-full wp-image-12241\" src=\"https:\/\/blogsaverroes.juntadeandalucia.es\/ieslagranja\/files\/2025\/12\/fq.jpg\" alt=\"\" width=\"1629\" height=\"2048\" srcset=\"https:\/\/blogsaverroes.juntadeandalucia.es\/ieslagranja\/files\/2025\/12\/fq.jpg 1273w, https:\/\/blogsaverroes.juntadeandalucia.es\/ieslagranja\/files\/2025\/12\/fq-239x300.jpg 239w, https:\/\/blogsaverroes.juntadeandalucia.es\/ieslagranja\/files\/2025\/12\/fq-815x1024.jpg 815w, https:\/\/blogsaverroes.juntadeandalucia.es\/ieslagranja\/files\/2025\/12\/fq-768x966.jpg 768w, https:\/\/blogsaverroes.juntadeandalucia.es\/ieslagranja\/files\/2025\/12\/fq-1222x1536.jpg 1222w\" sizes=\"(max-width: 1629px) 100vw, 1629px\" \/><\/a><\/p>\n","protected":false},"excerpt":{"rendered":"<p>El alumnado de 2\u00b0ESO C ha reproducido las banderas de Andaluc\u00eda y Espa\u00f1a en tubos de ensayo usando disoluciones de distintas densidades. Ha sido una manera diferente de celebrar el D\u00eda de la Bandera&#46;&#46;&#46;<\/p>\n","protected":false},"author":11116,"featured_media":12241,"comment_status":"closed","ping_status":"closed","sticky":false,"template":"","format":"standard","meta":{"ngg_post_thumbnail":0,"footnotes":""},"categories":[768,12185],"tags":[],"aioseo_notices":[],"_links":{"self":[{"href":"https:\/\/blogsaverroes.juntadeandalucia.es\/ieslagranja\/wp-json\/wp\/v2\/posts\/12240"}],"collection":[{"href":"https:\/\/blogsaverroes.juntadeandalucia.es\/ieslagranja\/wp-json\/wp\/v2\/posts"}],"about":[{"href":"https:\/\/blogsaverroes.juntadeandalucia.es\/ieslagranja\/wp-json\/wp\/v2\/types\/post"}],"author":[{"embeddable":true,"href":"https:\/\/blogsaverroes.juntadeandalucia.es\/ieslagranja\/wp-json\/wp\/v2\/users\/11116"}],"replies":[{"embeddable":true,"href":"https:\/\/blogsaverroes.juntadeandalucia.es\/ieslagranja\/wp-json\/wp\/v2\/comments?post=12240"}],"version-history":[{"count":1,"href":"https:\/\/blogsaverroes.juntadeandalucia.es\/ieslagranja\/wp-json\/wp\/v2\/posts\/12240\/revisions"}],"predecessor-version":[{"id":12242,"href":"https:\/\/blogsaverroes.juntadeandalucia.es\/ieslagranja\/wp-json\/wp\/v2\/posts\/12240\/revisions\/12242"}],"wp:featuredmedia":[{"embeddable":true,"href":"https:\/\/blogsaverroes.juntadeandalucia.es\/ieslagranja\/wp-json\/wp\/v2\/media\/12241"}],"wp:attachment":[{"href":"https:\/\/blogsaverroes.juntadeandalucia.es\/ieslagranja\/wp-json\/wp\/v2\/media?parent=12240"}],"wp:term":[{"taxonomy":"category","embeddable":true,"href":"https:\/\/blogsaverroes.juntadeandalucia.es\/ieslagranja\/wp-json\/wp\/v2\/categories?post=12240"},{"taxonomy":"post_tag","embeddable":true,"href":"https:\/\/blogsaverroes.juntadeandalucia.es\/ieslagranja\/wp-json\/wp\/v2\/tags?post=12240"}],"curies":[{"name":"wp","href":"https:\/\/api.w.org\/{rel}","templated":true}]}}