{"id":12322,"date":"2025-12-20T10:07:15","date_gmt":"2025-12-20T08:07:15","guid":{"rendered":"https:\/\/blogsaverroes.juntadeandalucia.es\/ieslagranja\/?p=12322"},"modified":"2025-12-22T10:15:42","modified_gmt":"2025-12-22T08:15:42","slug":"descubriendo-el-rio-guadalete","status":"publish","type":"post","link":"https:\/\/blogsaverroes.juntadeandalucia.es\/ieslagranja\/descubriendo-el-rio-guadalete\/","title":{"rendered":"Descubriendo el r\u00edo Guadalete"},"content":{"rendered":"<p style=\"text-align: justify\">El pasado 18 de diciembre, el alumnado del profesor Juan Mayorga de 1\u00ba de Qu\u00edmica y Salud Ambiental particip\u00f3 en una charla formativa organizada dentro del m\u00f3dulo de Control de Aguas, enmarcada en la Oferta Educativa Municipal \u201cJerez Educa 2025-2026\u201d, e impartida por el Ayuntamiento de Jerez.<\/p>\n<p style=\"text-align: justify\">Durante la sesi\u00f3n se abord\u00f3 la importancia del r\u00edo Guadalete, tanto a nivel provincial como, especialmente, en el municipio de Jerez. El alumnado pudo conocer su estado actual, as\u00ed como las principales actuaciones y proyectos destinados a su recuperaci\u00f3n ecol\u00f3gica, poniendo en valor la necesidad de una gesti\u00f3n sostenible de los recursos h\u00eddricos.<\/p>\n<p style=\"text-align: justify\">Adem\u00e1s de su valor formativo, esta actividad ha supuesto el inicio de una colaboraci\u00f3n entre el alumnado y la administraci\u00f3n local. Como continuaci\u00f3n de la charla, est\u00e1 prevista pr\u00f3ximamente una salida de campo para la toma de muestras de agua del r\u00edo, que posteriormente ser\u00e1n analizadas en el aula, reforzando as\u00ed el aprendizaje pr\u00e1ctico y el compromiso con el entorno.<\/p>\n<p style=\"text-align: center\"><a href=\"https:\/\/blogsaverroes.juntadeandalucia.es\/ieslagranja\/files\/2025\/12\/guadalete.jpg\"><img loading=\"lazy\" decoding=\"async\" class=\"alignnone size-full wp-image-12323\" src=\"https:\/\/blogsaverroes.juntadeandalucia.es\/ieslagranja\/files\/2025\/12\/guadalete.jpg\" alt=\"\" width=\"1600\" height=\"1200\" srcset=\"https:\/\/blogsaverroes.juntadeandalucia.es\/ieslagranja\/files\/2025\/12\/guadalete.jpg 1600w, https:\/\/blogsaverroes.juntadeandalucia.es\/ieslagranja\/files\/2025\/12\/guadalete-300x225.jpg 300w, https:\/\/blogsaverroes.juntadeandalucia.es\/ieslagranja\/files\/2025\/12\/guadalete-1024x768.jpg 1024w, https:\/\/blogsaverroes.juntadeandalucia.es\/ieslagranja\/files\/2025\/12\/guadalete-768x576.jpg 768w, https:\/\/blogsaverroes.juntadeandalucia.es\/ieslagranja\/files\/2025\/12\/guadalete-1536x1152.jpg 1536w\" sizes=\"(max-width: 1600px) 100vw, 1600px\" \/><\/a><\/p>\n","protected":false},"excerpt":{"rendered":"<p>El pasado 18 de diciembre, el alumnado del profesor Juan Mayorga de 1\u00ba de Qu\u00edmica y Salud Ambiental particip\u00f3 en una charla formativa organizada dentro del m\u00f3dulo de Control de Aguas, enmarcada en la&#46;&#46;&#46;<\/p>\n","protected":false},"author":11116,"featured_media":12323,"comment_status":"closed","ping_status":"closed","sticky":false,"template":"","format":"standard","meta":{"ngg_post_thumbnail":0,"footnotes":""},"categories":[2351701,2351648,2351688],"tags":[],"aioseo_notices":[],"_links":{"self":[{"href":"https:\/\/blogsaverroes.juntadeandalucia.es\/ieslagranja\/wp-json\/wp\/v2\/posts\/12322"}],"collection":[{"href":"https:\/\/blogsaverroes.juntadeandalucia.es\/ieslagranja\/wp-json\/wp\/v2\/posts"}],"about":[{"href":"https:\/\/blogsaverroes.juntadeandalucia.es\/ieslagranja\/wp-json\/wp\/v2\/types\/post"}],"author":[{"embeddable":true,"href":"https:\/\/blogsaverroes.juntadeandalucia.es\/ieslagranja\/wp-json\/wp\/v2\/users\/11116"}],"replies":[{"embeddable":true,"href":"https:\/\/blogsaverroes.juntadeandalucia.es\/ieslagranja\/wp-json\/wp\/v2\/comments?post=12322"}],"version-history":[{"count":3,"href":"https:\/\/blogsaverroes.juntadeandalucia.es\/ieslagranja\/wp-json\/wp\/v2\/posts\/12322\/revisions"}],"predecessor-version":[{"id":12326,"href":"https:\/\/blogsaverroes.juntadeandalucia.es\/ieslagranja\/wp-json\/wp\/v2\/posts\/12322\/revisions\/12326"}],"wp:featuredmedia":[{"embeddable":true,"href":"https:\/\/blogsaverroes.juntadeandalucia.es\/ieslagranja\/wp-json\/wp\/v2\/media\/12323"}],"wp:attachment":[{"href":"https:\/\/blogsaverroes.juntadeandalucia.es\/ieslagranja\/wp-json\/wp\/v2\/media?parent=12322"}],"wp:term":[{"taxonomy":"category","embeddable":true,"href":"https:\/\/blogsaverroes.juntadeandalucia.es\/ieslagranja\/wp-json\/wp\/v2\/categories?post=12322"},{"taxonomy":"post_tag","embeddable":true,"href":"https:\/\/blogsaverroes.juntadeandalucia.es\/ieslagranja\/wp-json\/wp\/v2\/tags?post=12322"}],"curies":[{"name":"wp","href":"https:\/\/api.w.org\/{rel}","templated":true}]}}