{"id":12335,"date":"2025-12-22T11:15:15","date_gmt":"2025-12-22T09:15:15","guid":{"rendered":"https:\/\/blogsaverroes.juntadeandalucia.es\/ieslagranja\/?p=12335"},"modified":"2025-12-22T11:30:01","modified_gmt":"2025-12-22T09:30:01","slug":"villancicos-en-ingles-con-eva-rios","status":"publish","type":"post","link":"https:\/\/blogsaverroes.juntadeandalucia.es\/ieslagranja\/villancicos-en-ingles-con-eva-rios\/","title":{"rendered":"Villancicos en ingl\u00e9s con Eva R\u00edos"},"content":{"rendered":"<p>El alumnado de Eva R\u00edos de 2\u00ba ESO y 2\u00ba Bachillerato cant\u00f3 villancicos en ingl\u00e9s el 19 diciembre, \u00faltimo d\u00eda de clases del trimestre.<\/p>\n<p style=\"text-align: center\"><a href=\"https:\/\/blogsaverroes.juntadeandalucia.es\/ieslagranja\/files\/2025\/12\/zamb0.jpg\"><img loading=\"lazy\" decoding=\"async\" class=\"alignnone size-full wp-image-12340\" src=\"https:\/\/blogsaverroes.juntadeandalucia.es\/ieslagranja\/files\/2025\/12\/zamb0.jpg\" alt=\"\" width=\"2000\" height=\"1128\" srcset=\"https:\/\/blogsaverroes.juntadeandalucia.es\/ieslagranja\/files\/2025\/12\/zamb0.jpg 1600w, https:\/\/blogsaverroes.juntadeandalucia.es\/ieslagranja\/files\/2025\/12\/zamb0-300x169.jpg 300w, https:\/\/blogsaverroes.juntadeandalucia.es\/ieslagranja\/files\/2025\/12\/zamb0-1024x578.jpg 1024w, https:\/\/blogsaverroes.juntadeandalucia.es\/ieslagranja\/files\/2025\/12\/zamb0-768x433.jpg 768w, https:\/\/blogsaverroes.juntadeandalucia.es\/ieslagranja\/files\/2025\/12\/zamb0-1536x866.jpg 1536w\" sizes=\"(max-width: 2000px) 100vw, 2000px\" \/><\/a><\/p>\n","protected":false},"excerpt":{"rendered":"<p>El alumnado de Eva R\u00edos de 2\u00ba ESO y 2\u00ba Bachillerato cant\u00f3 villancicos en ingl\u00e9s el 19 diciembre, \u00faltimo d\u00eda de clases del trimestre.<\/p>\n","protected":false},"author":11116,"featured_media":12340,"comment_status":"closed","ping_status":"closed","sticky":false,"template":"","format":"standard","meta":{"ngg_post_thumbnail":0,"footnotes":""},"categories":[562,768,2351701,25504],"tags":[],"aioseo_notices":[],"_links":{"self":[{"href":"https:\/\/blogsaverroes.juntadeandalucia.es\/ieslagranja\/wp-json\/wp\/v2\/posts\/12335"}],"collection":[{"href":"https:\/\/blogsaverroes.juntadeandalucia.es\/ieslagranja\/wp-json\/wp\/v2\/posts"}],"about":[{"href":"https:\/\/blogsaverroes.juntadeandalucia.es\/ieslagranja\/wp-json\/wp\/v2\/types\/post"}],"author":[{"embeddable":true,"href":"https:\/\/blogsaverroes.juntadeandalucia.es\/ieslagranja\/wp-json\/wp\/v2\/users\/11116"}],"replies":[{"embeddable":true,"href":"https:\/\/blogsaverroes.juntadeandalucia.es\/ieslagranja\/wp-json\/wp\/v2\/comments?post=12335"}],"version-history":[{"count":1,"href":"https:\/\/blogsaverroes.juntadeandalucia.es\/ieslagranja\/wp-json\/wp\/v2\/posts\/12335\/revisions"}],"predecessor-version":[{"id":12347,"href":"https:\/\/blogsaverroes.juntadeandalucia.es\/ieslagranja\/wp-json\/wp\/v2\/posts\/12335\/revisions\/12347"}],"wp:featuredmedia":[{"embeddable":true,"href":"https:\/\/blogsaverroes.juntadeandalucia.es\/ieslagranja\/wp-json\/wp\/v2\/media\/12340"}],"wp:attachment":[{"href":"https:\/\/blogsaverroes.juntadeandalucia.es\/ieslagranja\/wp-json\/wp\/v2\/media?parent=12335"}],"wp:term":[{"taxonomy":"category","embeddable":true,"href":"https:\/\/blogsaverroes.juntadeandalucia.es\/ieslagranja\/wp-json\/wp\/v2\/categories?post=12335"},{"taxonomy":"post_tag","embeddable":true,"href":"https:\/\/blogsaverroes.juntadeandalucia.es\/ieslagranja\/wp-json\/wp\/v2\/tags?post=12335"}],"curies":[{"name":"wp","href":"https:\/\/api.w.org\/{rel}","templated":true}]}}