{"id":12348,"date":"2025-12-22T11:24:52","date_gmt":"2025-12-22T09:24:52","guid":{"rendered":"https:\/\/blogsaverroes.juntadeandalucia.es\/ieslagranja\/?p=12348"},"modified":"2025-12-22T11:28:33","modified_gmt":"2025-12-22T09:28:33","slug":"i-zambomba-granjera","status":"publish","type":"post","link":"https:\/\/blogsaverroes.juntadeandalucia.es\/ieslagranja\/i-zambomba-granjera\/","title":{"rendered":"I Zambomba Granjera"},"content":{"rendered":"<p>El pasado viernes 19 se celebr\u00f3 la primera zambomba granjera en el patio de arcos de nuestro centro. La idea ha sido posible llevarla a cabo gracias a la gesti\u00f3n e iniciativa del AMPA. Y con la colaboraci\u00f3n de Raquel (cafeter\u00eda) y Salvador (mantenimiento).&nbsp;<\/p>\n<p>De 10:15 a 12: 30 de la ma\u00f1ana se cont\u00f3 con la actuaci\u00f3n de miembros del Coro de la Hermandad de la Yedra y se ofreci\u00f3 una degustaci\u00f3n por parte del AMPA y el centro de chocolate caliente y productos navide\u00f1os para acompa\u00f1ar la actuaci\u00f3n.<\/p>\n<p><a href=\"https:\/\/blogsaverroes.juntadeandalucia.es\/ieslagranja\/files\/2025\/12\/zamb3.jpg\"><img loading=\"lazy\" decoding=\"async\" class=\"alignnone size-full wp-image-12344\" src=\"https:\/\/blogsaverroes.juntadeandalucia.es\/ieslagranja\/files\/2025\/12\/zamb3.jpg\" alt=\"\" width=\"2040\" height=\"1536\" srcset=\"https:\/\/blogsaverroes.juntadeandalucia.es\/ieslagranja\/files\/2025\/12\/zamb3.jpg 1600w, https:\/\/blogsaverroes.juntadeandalucia.es\/ieslagranja\/files\/2025\/12\/zamb3-300x226.jpg 300w, https:\/\/blogsaverroes.juntadeandalucia.es\/ieslagranja\/files\/2025\/12\/zamb3-1024x771.jpg 1024w, https:\/\/blogsaverroes.juntadeandalucia.es\/ieslagranja\/files\/2025\/12\/zamb3-768x578.jpg 768w, https:\/\/blogsaverroes.juntadeandalucia.es\/ieslagranja\/files\/2025\/12\/zamb3-1536x1157.jpg 1536w\" sizes=\"(max-width: 2040px) 100vw, 2040px\" \/><\/a><\/p>\n<p style=\"text-align: center\"><a href=\"https:\/\/blogsaverroes.juntadeandalucia.es\/ieslagranja\/files\/2025\/12\/zamb1.jpg\"><img loading=\"lazy\" decoding=\"async\" class=\"alignnone size-full wp-image-12346\" src=\"https:\/\/blogsaverroes.juntadeandalucia.es\/ieslagranja\/files\/2025\/12\/zamb1.jpg\" alt=\"\" width=\"2048\" height=\"1536\" srcset=\"https:\/\/blogsaverroes.juntadeandalucia.es\/ieslagranja\/files\/2025\/12\/zamb1.jpg 1600w, https:\/\/blogsaverroes.juntadeandalucia.es\/ieslagranja\/files\/2025\/12\/zamb1-300x225.jpg 300w, https:\/\/blogsaverroes.juntadeandalucia.es\/ieslagranja\/files\/2025\/12\/zamb1-1024x768.jpg 1024w, https:\/\/blogsaverroes.juntadeandalucia.es\/ieslagranja\/files\/2025\/12\/zamb1-768x576.jpg 768w, https:\/\/blogsaverroes.juntadeandalucia.es\/ieslagranja\/files\/2025\/12\/zamb1-1536x1152.jpg 1536w\" sizes=\"(max-width: 2048px) 100vw, 2048px\" \/><\/a> <a href=\"https:\/\/blogsaverroes.juntadeandalucia.es\/ieslagranja\/files\/2025\/12\/zamb2.jpg\"><img loading=\"lazy\" decoding=\"async\" class=\"alignnone size-full wp-image-12345\" src=\"https:\/\/blogsaverroes.juntadeandalucia.es\/ieslagranja\/files\/2025\/12\/zamb2.jpg\" alt=\"\" width=\"2048\" height=\"1152\" srcset=\"https:\/\/blogsaverroes.juntadeandalucia.es\/ieslagranja\/files\/2025\/12\/zamb2.jpg 2048w, https:\/\/blogsaverroes.juntadeandalucia.es\/ieslagranja\/files\/2025\/12\/zamb2-300x169.jpg 300w, https:\/\/blogsaverroes.juntadeandalucia.es\/ieslagranja\/files\/2025\/12\/zamb2-1024x576.jpg 1024w, https:\/\/blogsaverroes.juntadeandalucia.es\/ieslagranja\/files\/2025\/12\/zamb2-768x432.jpg 768w, https:\/\/blogsaverroes.juntadeandalucia.es\/ieslagranja\/files\/2025\/12\/zamb2-1536x864.jpg 1536w\" sizes=\"(max-width: 2048px) 100vw, 2048px\" \/><\/a> &nbsp;<a href=\"https:\/\/blogsaverroes.juntadeandalucia.es\/ieslagranja\/files\/2025\/12\/zamb4.jpg\"><img loading=\"lazy\" decoding=\"async\" class=\"alignnone size-full wp-image-12343\" src=\"https:\/\/blogsaverroes.juntadeandalucia.es\/ieslagranja\/files\/2025\/12\/zamb4.jpg\" alt=\"\" width=\"2040\" height=\"1536\" srcset=\"https:\/\/blogsaverroes.juntadeandalucia.es\/ieslagranja\/files\/2025\/12\/zamb4.jpg 1600w, https:\/\/blogsaverroes.juntadeandalucia.es\/ieslagranja\/files\/2025\/12\/zamb4-300x226.jpg 300w, https:\/\/blogsaverroes.juntadeandalucia.es\/ieslagranja\/files\/2025\/12\/zamb4-1024x771.jpg 1024w, https:\/\/blogsaverroes.juntadeandalucia.es\/ieslagranja\/files\/2025\/12\/zamb4-768x578.jpg 768w, https:\/\/blogsaverroes.juntadeandalucia.es\/ieslagranja\/files\/2025\/12\/zamb4-1536x1157.jpg 1536w\" sizes=\"(max-width: 2040px) 100vw, 2040px\" \/><\/a> <a href=\"https:\/\/blogsaverroes.juntadeandalucia.es\/ieslagranja\/files\/2025\/12\/zamb5.jpg\"><img loading=\"lazy\" decoding=\"async\" class=\"alignnone size-full wp-image-12342\" src=\"https:\/\/blogsaverroes.juntadeandalucia.es\/ieslagranja\/files\/2025\/12\/zamb5.jpg\" alt=\"\" width=\"2040\" height=\"1536\" srcset=\"https:\/\/blogsaverroes.juntadeandalucia.es\/ieslagranja\/files\/2025\/12\/zamb5.jpg 1600w, https:\/\/blogsaverroes.juntadeandalucia.es\/ieslagranja\/files\/2025\/12\/zamb5-300x226.jpg 300w, https:\/\/blogsaverroes.juntadeandalucia.es\/ieslagranja\/files\/2025\/12\/zamb5-1024x771.jpg 1024w, https:\/\/blogsaverroes.juntadeandalucia.es\/ieslagranja\/files\/2025\/12\/zamb5-768x578.jpg 768w, https:\/\/blogsaverroes.juntadeandalucia.es\/ieslagranja\/files\/2025\/12\/zamb5-1536x1157.jpg 1536w\" sizes=\"(max-width: 2040px) 100vw, 2040px\" \/><\/a> &nbsp;&nbsp;<a href=\"https:\/\/blogsaverroes.juntadeandalucia.es\/ieslagranja\/files\/2025\/12\/zamb7.jpg\"><img loading=\"lazy\" decoding=\"async\" class=\"alignnone size-full wp-image-12339\" src=\"https:\/\/blogsaverroes.juntadeandalucia.es\/ieslagranja\/files\/2025\/12\/zamb7.jpg\" alt=\"\" width=\"2000\" height=\"1128\" srcset=\"https:\/\/blogsaverroes.juntadeandalucia.es\/ieslagranja\/files\/2025\/12\/zamb7.jpg 1600w, https:\/\/blogsaverroes.juntadeandalucia.es\/ieslagranja\/files\/2025\/12\/zamb7-300x169.jpg 300w, https:\/\/blogsaverroes.juntadeandalucia.es\/ieslagranja\/files\/2025\/12\/zamb7-1024x578.jpg 1024w, https:\/\/blogsaverroes.juntadeandalucia.es\/ieslagranja\/files\/2025\/12\/zamb7-768x433.jpg 768w, https:\/\/blogsaverroes.juntadeandalucia.es\/ieslagranja\/files\/2025\/12\/zamb7-1536x866.jpg 1536w\" sizes=\"(max-width: 2000px) 100vw, 2000px\" \/><\/a> <a href=\"https:\/\/blogsaverroes.juntadeandalucia.es\/ieslagranja\/files\/2025\/12\/zamb8.jpg\"><img loading=\"lazy\" decoding=\"async\" class=\"alignnone size-full wp-image-12338\" src=\"https:\/\/blogsaverroes.juntadeandalucia.es\/ieslagranja\/files\/2025\/12\/zamb8.jpg\" alt=\"\" width=\"2000\" height=\"1128\" srcset=\"https:\/\/blogsaverroes.juntadeandalucia.es\/ieslagranja\/files\/2025\/12\/zamb8.jpg 1600w, https:\/\/blogsaverroes.juntadeandalucia.es\/ieslagranja\/files\/2025\/12\/zamb8-300x169.jpg 300w, https:\/\/blogsaverroes.juntadeandalucia.es\/ieslagranja\/files\/2025\/12\/zamb8-1024x578.jpg 1024w, https:\/\/blogsaverroes.juntadeandalucia.es\/ieslagranja\/files\/2025\/12\/zamb8-768x433.jpg 768w, https:\/\/blogsaverroes.juntadeandalucia.es\/ieslagranja\/files\/2025\/12\/zamb8-1536x866.jpg 1536w\" sizes=\"(max-width: 2000px) 100vw, 2000px\" \/><\/a><\/p>\n","protected":false},"excerpt":{"rendered":"<p>El pasado viernes 19 se celebr\u00f3 la primera zambomba granjera en el patio de arcos de nuestro centro. La idea ha sido posible llevarla a cabo gracias a la gesti\u00f3n e iniciativa del AMPA.&#46;&#46;&#46;<\/p>\n","protected":false},"author":11116,"featured_media":12346,"comment_status":"closed","ping_status":"closed","sticky":false,"template":"","format":"standard","meta":{"ngg_post_thumbnail":0,"footnotes":""},"categories":[26636,2351701],"tags":[],"aioseo_notices":[],"_links":{"self":[{"href":"https:\/\/blogsaverroes.juntadeandalucia.es\/ieslagranja\/wp-json\/wp\/v2\/posts\/12348"}],"collection":[{"href":"https:\/\/blogsaverroes.juntadeandalucia.es\/ieslagranja\/wp-json\/wp\/v2\/posts"}],"about":[{"href":"https:\/\/blogsaverroes.juntadeandalucia.es\/ieslagranja\/wp-json\/wp\/v2\/types\/post"}],"author":[{"embeddable":true,"href":"https:\/\/blogsaverroes.juntadeandalucia.es\/ieslagranja\/wp-json\/wp\/v2\/users\/11116"}],"replies":[{"embeddable":true,"href":"https:\/\/blogsaverroes.juntadeandalucia.es\/ieslagranja\/wp-json\/wp\/v2\/comments?post=12348"}],"version-history":[{"count":3,"href":"https:\/\/blogsaverroes.juntadeandalucia.es\/ieslagranja\/wp-json\/wp\/v2\/posts\/12348\/revisions"}],"predecessor-version":[{"id":12351,"href":"https:\/\/blogsaverroes.juntadeandalucia.es\/ieslagranja\/wp-json\/wp\/v2\/posts\/12348\/revisions\/12351"}],"wp:featuredmedia":[{"embeddable":true,"href":"https:\/\/blogsaverroes.juntadeandalucia.es\/ieslagranja\/wp-json\/wp\/v2\/media\/12346"}],"wp:attachment":[{"href":"https:\/\/blogsaverroes.juntadeandalucia.es\/ieslagranja\/wp-json\/wp\/v2\/media?parent=12348"}],"wp:term":[{"taxonomy":"category","embeddable":true,"href":"https:\/\/blogsaverroes.juntadeandalucia.es\/ieslagranja\/wp-json\/wp\/v2\/categories?post=12348"},{"taxonomy":"post_tag","embeddable":true,"href":"https:\/\/blogsaverroes.juntadeandalucia.es\/ieslagranja\/wp-json\/wp\/v2\/tags?post=12348"}],"curies":[{"name":"wp","href":"https:\/\/api.w.org\/{rel}","templated":true}]}}