{"id":12571,"date":"2026-01-26T00:24:36","date_gmt":"2026-01-25T22:24:36","guid":{"rendered":"https:\/\/blogsaverroes.juntadeandalucia.es\/ieslagranja\/?p=12571"},"modified":"2026-01-27T00:46:44","modified_gmt":"2026-01-26T22:46:44","slug":"12571-2","status":"publish","type":"post","link":"https:\/\/blogsaverroes.juntadeandalucia.es\/ieslagranja\/12571-2\/","title":{"rendered":"Fast Track Jerez: Nuestro alumnado vuelve a ser noticia"},"content":{"rendered":"<p style=\"text-align: justify\">El pasado 27 de noviembre en la Sala Compa\u00f1\u00eda se celebr\u00f3 la Memoria Anual de Fast Track Jerez en la que se hizo entrega de un reconocimiento al equipo de trabajo del &nbsp;IES La Granja por las p\u00edldoras creadas para la campa\u00f1a de promoci\u00f3n y sensibilizaci\u00f3n del Comit\u00e9 Fast Track. En esta promoci\u00f3n compartimos&nbsp; cuatro p\u00edldoras que realizaron alumnos del Ciclo de Realizaci\u00f3n de Proyectos de Audiovisuales y Espect\u00e1culos para el Proyecto Integrado (Daniel Morillo, Leandro Luna, Adam D\u00edez y Jos\u00e9 Miguel Aguilera). Un trabajo que se suma al presentado el curso anterior por Juanma Cancelo y Mar\u00eda L\u00f3pez, alumnos del Ciclo de Iluminaci\u00f3n, Captaci\u00f3n y Tratamiento de Imagen: <a href=\"https:\/\/www.diariodejerez.es\/jerez\/plan-fast-track-jerez-programa_0_2002805380.html\" target=\"_blank\" rel=\"noopener\">https:\/\/www.diariodejerez.es\/jerez\/plan-fast-track-jerez-programa_0_2002805380.html<\/a> (VIDEO INICIAL).&nbsp; En definitiva, una serie de productos audiovisuales para apoyar la Iniciativa Fast Track City (programa a nivel mundial) en Jerez de la Frontera, donde se encuentran representados colectivos sociales,&nbsp; distritos sanitarios, Ayuntamiento y Universidad de C\u00e1diz. En toda esta campa\u00f1a de prevenci\u00f3n de las ITS, la tutora del proyecto, Laura Ortega, y los propios alumnos se enorgullecen por haber puesto su granito de arena: <a href=\"https:\/\/www.jerez.es\/fast-track\" target=\"_blank\" rel=\"noopener\">https:\/\/www.jerez.es\/fast-track<\/a> (P\u00cdLDORAS INFORMATIVAS).<\/p>\n<p style=\"text-align: justify\">Este trabajo ya fue expuesto en nuestro Aula Esc\u00e9nica el pasado 19 de junio. Una proyecci\u00f3n a la que fueron invitados el Comit\u00e9 Fast Track, el departamento de Imagen y Sonido y el equipo directivo (<a href=\"https:\/\/www.jerez.es\/fast-track\/nuestras-noticias\/detallenoticia\/premio-para-el-mejor-video-de-difusion-sobre-epidemiologia-y-salud-publica-2025\" target=\"_blank\" rel=\"noopener\">https:\/\/www.jerez.es\/fast-track\/nuestras-noticias\/detallenoticia\/premio-para-el-mejor-video-de-difusion-sobre-epidemiologia-y-salud-publica-2025<\/a>), por cuesti\u00f3n de aforo. En este acto se dio a conocer el galard\u00f3n a unas de las p\u00edldoras realizadas y presentadas por el Comit\u00e9 Fast Track al Premio al Mejor V\u00eddeo de Divulgaci\u00f3n en Salud P\u00fablica del Congreso de la Sociedad Espa\u00f1ola de Epidemiologia.<\/p>\n<p style=\"text-align: justify\">Lo relevante de este trabajo, es que ha nacido en las aulas de un&nbsp;<strong>centro p\u00fablico&nbsp;<\/strong>y contribuye a&nbsp;<strong>hacer visible la Formaci\u00f3n Profesional<\/strong>&nbsp;de los centros educativos.<\/p>\n<p style=\"text-align: center\"><a href=\"https:\/\/blogsaverroes.juntadeandalucia.es\/ieslagranja\/files\/2026\/01\/fast-track.jpg\"><img loading=\"lazy\" decoding=\"async\" class=\"alignnone size-full wp-image-12577\" src=\"https:\/\/blogsaverroes.juntadeandalucia.es\/ieslagranja\/files\/2026\/01\/fast-track.jpg\" alt=\"\" width=\"932\" height=\"532\" srcset=\"https:\/\/blogsaverroes.juntadeandalucia.es\/ieslagranja\/files\/2026\/01\/fast-track.jpg 932w, https:\/\/blogsaverroes.juntadeandalucia.es\/ieslagranja\/files\/2026\/01\/fast-track-300x171.jpg 300w, https:\/\/blogsaverroes.juntadeandalucia.es\/ieslagranja\/files\/2026\/01\/fast-track-768x438.jpg 768w\" sizes=\"(max-width: 932px) 100vw, 932px\" \/><\/a><\/p>\n","protected":false},"excerpt":{"rendered":"<p>El pasado 27 de noviembre en la Sala Compa\u00f1\u00eda se celebr\u00f3 la Memoria Anual de Fast Track Jerez en la que se hizo entrega de un reconocimiento al equipo de trabajo del &nbsp;IES La&#46;&#46;&#46;<\/p>\n","protected":false},"author":11116,"featured_media":12577,"comment_status":"closed","ping_status":"closed","sticky":false,"template":"","format":"standard","meta":{"ngg_post_thumbnail":0,"footnotes":""},"categories":[2351701,2351648,2351655],"tags":[],"aioseo_notices":[],"_links":{"self":[{"href":"https:\/\/blogsaverroes.juntadeandalucia.es\/ieslagranja\/wp-json\/wp\/v2\/posts\/12571"}],"collection":[{"href":"https:\/\/blogsaverroes.juntadeandalucia.es\/ieslagranja\/wp-json\/wp\/v2\/posts"}],"about":[{"href":"https:\/\/blogsaverroes.juntadeandalucia.es\/ieslagranja\/wp-json\/wp\/v2\/types\/post"}],"author":[{"embeddable":true,"href":"https:\/\/blogsaverroes.juntadeandalucia.es\/ieslagranja\/wp-json\/wp\/v2\/users\/11116"}],"replies":[{"embeddable":true,"href":"https:\/\/blogsaverroes.juntadeandalucia.es\/ieslagranja\/wp-json\/wp\/v2\/comments?post=12571"}],"version-history":[{"count":8,"href":"https:\/\/blogsaverroes.juntadeandalucia.es\/ieslagranja\/wp-json\/wp\/v2\/posts\/12571\/revisions"}],"predecessor-version":[{"id":12580,"href":"https:\/\/blogsaverroes.juntadeandalucia.es\/ieslagranja\/wp-json\/wp\/v2\/posts\/12571\/revisions\/12580"}],"wp:featuredmedia":[{"embeddable":true,"href":"https:\/\/blogsaverroes.juntadeandalucia.es\/ieslagranja\/wp-json\/wp\/v2\/media\/12577"}],"wp:attachment":[{"href":"https:\/\/blogsaverroes.juntadeandalucia.es\/ieslagranja\/wp-json\/wp\/v2\/media?parent=12571"}],"wp:term":[{"taxonomy":"category","embeddable":true,"href":"https:\/\/blogsaverroes.juntadeandalucia.es\/ieslagranja\/wp-json\/wp\/v2\/categories?post=12571"},{"taxonomy":"post_tag","embeddable":true,"href":"https:\/\/blogsaverroes.juntadeandalucia.es\/ieslagranja\/wp-json\/wp\/v2\/tags?post=12571"}],"curies":[{"name":"wp","href":"https:\/\/api.w.org\/{rel}","templated":true}]}}