{"id":12701,"date":"2026-03-02T12:47:22","date_gmt":"2026-03-02T10:47:22","guid":{"rendered":"https:\/\/blogsaverroes.juntadeandalucia.es\/ieslagranja\/?p=12701"},"modified":"2026-03-02T12:51:07","modified_gmt":"2026-03-02T10:51:07","slug":"24-26-febrero-1o-bachillerato-viaja-a-merida","status":"publish","type":"post","link":"https:\/\/blogsaverroes.juntadeandalucia.es\/ieslagranja\/24-26-febrero-1o-bachillerato-viaja-a-merida\/","title":{"rendered":"24-26 febrero: 1\u00ba Bachillerato viaja a M\u00e9rida"},"content":{"rendered":"<p>Entre los d\u00edas 24 y 26 de febrero, los profesores Daniel S\u00e1inz y Eva Nicasio viajaron a la antigua capital de la Lusitania romana, Em\u00e9rita Augusta, con los m\u00e1s bravos, el alumnado de 1\u00ba Bachillerato Humanidades.<\/p>\n<p style=\"text-align: center\"><a href=\"https:\/\/blogsaverroes.juntadeandalucia.es\/ieslagranja\/files\/2026\/03\/7a48660c-7d8c-4ba4-ac40-85e2dcf65a63.jpg\"><img loading=\"lazy\" decoding=\"async\" class=\"alignnone size-full wp-image-12702\" src=\"https:\/\/blogsaverroes.juntadeandalucia.es\/ieslagranja\/files\/2026\/03\/7a48660c-7d8c-4ba4-ac40-85e2dcf65a63.jpg\" alt=\"\" width=\"3024\" height=\"4032\" srcset=\"https:\/\/blogsaverroes.juntadeandalucia.es\/ieslagranja\/files\/2026\/03\/7a48660c-7d8c-4ba4-ac40-85e2dcf65a63.jpg 1200w, https:\/\/blogsaverroes.juntadeandalucia.es\/ieslagranja\/files\/2026\/03\/7a48660c-7d8c-4ba4-ac40-85e2dcf65a63-225x300.jpg 225w, https:\/\/blogsaverroes.juntadeandalucia.es\/ieslagranja\/files\/2026\/03\/7a48660c-7d8c-4ba4-ac40-85e2dcf65a63-768x1024.jpg 768w, https:\/\/blogsaverroes.juntadeandalucia.es\/ieslagranja\/files\/2026\/03\/7a48660c-7d8c-4ba4-ac40-85e2dcf65a63-1152x1536.jpg 1152w, https:\/\/blogsaverroes.juntadeandalucia.es\/ieslagranja\/files\/2026\/03\/7a48660c-7d8c-4ba4-ac40-85e2dcf65a63-1536x2048.jpg 1536w\" sizes=\"(max-width: 3024px) 100vw, 3024px\" \/><\/a> <a href=\"https:\/\/blogsaverroes.juntadeandalucia.es\/ieslagranja\/files\/2026\/03\/7cde8192-63d7-4e57-b796-a3375da8453e.jpg\"><img loading=\"lazy\" decoding=\"async\" class=\"alignnone size-full wp-image-12703\" src=\"https:\/\/blogsaverroes.juntadeandalucia.es\/ieslagranja\/files\/2026\/03\/7cde8192-63d7-4e57-b796-a3375da8453e.jpg\" alt=\"\" width=\"1600\" height=\"1200\" srcset=\"https:\/\/blogsaverroes.juntadeandalucia.es\/ieslagranja\/files\/2026\/03\/7cde8192-63d7-4e57-b796-a3375da8453e.jpg 1600w, https:\/\/blogsaverroes.juntadeandalucia.es\/ieslagranja\/files\/2026\/03\/7cde8192-63d7-4e57-b796-a3375da8453e-300x225.jpg 300w, https:\/\/blogsaverroes.juntadeandalucia.es\/ieslagranja\/files\/2026\/03\/7cde8192-63d7-4e57-b796-a3375da8453e-1024x768.jpg 1024w, https:\/\/blogsaverroes.juntadeandalucia.es\/ieslagranja\/files\/2026\/03\/7cde8192-63d7-4e57-b796-a3375da8453e-768x576.jpg 768w, https:\/\/blogsaverroes.juntadeandalucia.es\/ieslagranja\/files\/2026\/03\/7cde8192-63d7-4e57-b796-a3375da8453e-1536x1152.jpg 1536w\" sizes=\"(max-width: 1600px) 100vw, 1600px\" \/><\/a> <a href=\"https:\/\/blogsaverroes.juntadeandalucia.es\/ieslagranja\/files\/2026\/03\/19f46516-cbd2-4aef-b082-5c81c4d0380e.jpg\"><img loading=\"lazy\" decoding=\"async\" class=\"alignnone size-full wp-image-12704\" src=\"https:\/\/blogsaverroes.juntadeandalucia.es\/ieslagranja\/files\/2026\/03\/19f46516-cbd2-4aef-b082-5c81c4d0380e.jpg\" alt=\"\" width=\"2048\" height=\"1536\" srcset=\"https:\/\/blogsaverroes.juntadeandalucia.es\/ieslagranja\/files\/2026\/03\/19f46516-cbd2-4aef-b082-5c81c4d0380e.jpg 1600w, https:\/\/blogsaverroes.juntadeandalucia.es\/ieslagranja\/files\/2026\/03\/19f46516-cbd2-4aef-b082-5c81c4d0380e-300x225.jpg 300w, https:\/\/blogsaverroes.juntadeandalucia.es\/ieslagranja\/files\/2026\/03\/19f46516-cbd2-4aef-b082-5c81c4d0380e-1024x768.jpg 1024w, https:\/\/blogsaverroes.juntadeandalucia.es\/ieslagranja\/files\/2026\/03\/19f46516-cbd2-4aef-b082-5c81c4d0380e-768x576.jpg 768w, https:\/\/blogsaverroes.juntadeandalucia.es\/ieslagranja\/files\/2026\/03\/19f46516-cbd2-4aef-b082-5c81c4d0380e-1536x1152.jpg 1536w\" sizes=\"(max-width: 2048px) 100vw, 2048px\" \/><\/a> <a href=\"https:\/\/blogsaverroes.juntadeandalucia.es\/ieslagranja\/files\/2026\/03\/89a8c4e2-bbbc-4f0d-99c1-6f56f177691a.jpg\"><img loading=\"lazy\" decoding=\"async\" class=\"alignnone size-full wp-image-12705\" src=\"https:\/\/blogsaverroes.juntadeandalucia.es\/ieslagranja\/files\/2026\/03\/89a8c4e2-bbbc-4f0d-99c1-6f56f177691a.jpg\" alt=\"\" width=\"4032\" height=\"3024\" srcset=\"https:\/\/blogsaverroes.juntadeandalucia.es\/ieslagranja\/files\/2026\/03\/89a8c4e2-bbbc-4f0d-99c1-6f56f177691a.jpg 1600w, https:\/\/blogsaverroes.juntadeandalucia.es\/ieslagranja\/files\/2026\/03\/89a8c4e2-bbbc-4f0d-99c1-6f56f177691a-300x225.jpg 300w, https:\/\/blogsaverroes.juntadeandalucia.es\/ieslagranja\/files\/2026\/03\/89a8c4e2-bbbc-4f0d-99c1-6f56f177691a-1024x768.jpg 1024w, https:\/\/blogsaverroes.juntadeandalucia.es\/ieslagranja\/files\/2026\/03\/89a8c4e2-bbbc-4f0d-99c1-6f56f177691a-768x576.jpg 768w, https:\/\/blogsaverroes.juntadeandalucia.es\/ieslagranja\/files\/2026\/03\/89a8c4e2-bbbc-4f0d-99c1-6f56f177691a-1536x1152.jpg 1536w, https:\/\/blogsaverroes.juntadeandalucia.es\/ieslagranja\/files\/2026\/03\/89a8c4e2-bbbc-4f0d-99c1-6f56f177691a-2048x1536.jpg 2048w\" sizes=\"(max-width: 4032px) 100vw, 4032px\" \/><\/a> <a href=\"https:\/\/blogsaverroes.juntadeandalucia.es\/ieslagranja\/files\/2026\/03\/89b68614-b004-4b7d-a356-2d41880966b5.jpg\"><img loading=\"lazy\" decoding=\"async\" class=\"alignnone size-full wp-image-12706\" src=\"https:\/\/blogsaverroes.juntadeandalucia.es\/ieslagranja\/files\/2026\/03\/89b68614-b004-4b7d-a356-2d41880966b5.jpg\" alt=\"\" width=\"1536\" height=\"2048\" srcset=\"https:\/\/blogsaverroes.juntadeandalucia.es\/ieslagranja\/files\/2026\/03\/89b68614-b004-4b7d-a356-2d41880966b5.jpg 1200w, https:\/\/blogsaverroes.juntadeandalucia.es\/ieslagranja\/files\/2026\/03\/89b68614-b004-4b7d-a356-2d41880966b5-225x300.jpg 225w, https:\/\/blogsaverroes.juntadeandalucia.es\/ieslagranja\/files\/2026\/03\/89b68614-b004-4b7d-a356-2d41880966b5-768x1024.jpg 768w, https:\/\/blogsaverroes.juntadeandalucia.es\/ieslagranja\/files\/2026\/03\/89b68614-b004-4b7d-a356-2d41880966b5-1152x1536.jpg 1152w\" sizes=\"(max-width: 1536px) 100vw, 1536px\" \/><\/a> <a href=\"https:\/\/blogsaverroes.juntadeandalucia.es\/ieslagranja\/files\/2026\/03\/953650e6-2576-4409-b3a2-d895aa6acf11.jpg\"><img loading=\"lazy\" decoding=\"async\" class=\"alignnone size-full wp-image-12707\" src=\"https:\/\/blogsaverroes.juntadeandalucia.es\/ieslagranja\/files\/2026\/03\/953650e6-2576-4409-b3a2-d895aa6acf11.jpg\" alt=\"\" width=\"2040\" height=\"1530\" srcset=\"https:\/\/blogsaverroes.juntadeandalucia.es\/ieslagranja\/files\/2026\/03\/953650e6-2576-4409-b3a2-d895aa6acf11.jpg 1600w, https:\/\/blogsaverroes.juntadeandalucia.es\/ieslagranja\/files\/2026\/03\/953650e6-2576-4409-b3a2-d895aa6acf11-300x225.jpg 300w, https:\/\/blogsaverroes.juntadeandalucia.es\/ieslagranja\/files\/2026\/03\/953650e6-2576-4409-b3a2-d895aa6acf11-1024x768.jpg 1024w, https:\/\/blogsaverroes.juntadeandalucia.es\/ieslagranja\/files\/2026\/03\/953650e6-2576-4409-b3a2-d895aa6acf11-768x576.jpg 768w, https:\/\/blogsaverroes.juntadeandalucia.es\/ieslagranja\/files\/2026\/03\/953650e6-2576-4409-b3a2-d895aa6acf11-1536x1152.jpg 1536w\" sizes=\"(max-width: 2040px) 100vw, 2040px\" \/><\/a> <a href=\"https:\/\/blogsaverroes.juntadeandalucia.es\/ieslagranja\/files\/2026\/03\/bb6d9da4-f12a-45b4-836d-df78cc34b436.jpg\"><img loading=\"lazy\" decoding=\"async\" class=\"alignnone size-full wp-image-12708\" src=\"https:\/\/blogsaverroes.juntadeandalucia.es\/ieslagranja\/files\/2026\/03\/bb6d9da4-f12a-45b4-836d-df78cc34b436.jpg\" alt=\"\" width=\"1536\" height=\"2048\" srcset=\"https:\/\/blogsaverroes.juntadeandalucia.es\/ieslagranja\/files\/2026\/03\/bb6d9da4-f12a-45b4-836d-df78cc34b436.jpg 1200w, https:\/\/blogsaverroes.juntadeandalucia.es\/ieslagranja\/files\/2026\/03\/bb6d9da4-f12a-45b4-836d-df78cc34b436-225x300.jpg 225w, https:\/\/blogsaverroes.juntadeandalucia.es\/ieslagranja\/files\/2026\/03\/bb6d9da4-f12a-45b4-836d-df78cc34b436-768x1024.jpg 768w, https:\/\/blogsaverroes.juntadeandalucia.es\/ieslagranja\/files\/2026\/03\/bb6d9da4-f12a-45b4-836d-df78cc34b436-1152x1536.jpg 1152w\" sizes=\"(max-width: 1536px) 100vw, 1536px\" \/><\/a> <a href=\"https:\/\/blogsaverroes.juntadeandalucia.es\/ieslagranja\/files\/2026\/03\/c9a92720-abbe-4c71-8351-e4096882a750.jpg\"><img loading=\"lazy\" decoding=\"async\" class=\"alignnone size-full wp-image-12709\" src=\"https:\/\/blogsaverroes.juntadeandalucia.es\/ieslagranja\/files\/2026\/03\/c9a92720-abbe-4c71-8351-e4096882a750.jpg\" alt=\"\" width=\"2040\" height=\"1530\" srcset=\"https:\/\/blogsaverroes.juntadeandalucia.es\/ieslagranja\/files\/2026\/03\/c9a92720-abbe-4c71-8351-e4096882a750.jpg 1600w, https:\/\/blogsaverroes.juntadeandalucia.es\/ieslagranja\/files\/2026\/03\/c9a92720-abbe-4c71-8351-e4096882a750-300x225.jpg 300w, https:\/\/blogsaverroes.juntadeandalucia.es\/ieslagranja\/files\/2026\/03\/c9a92720-abbe-4c71-8351-e4096882a750-1024x768.jpg 1024w, https:\/\/blogsaverroes.juntadeandalucia.es\/ieslagranja\/files\/2026\/03\/c9a92720-abbe-4c71-8351-e4096882a750-768x576.jpg 768w, https:\/\/blogsaverroes.juntadeandalucia.es\/ieslagranja\/files\/2026\/03\/c9a92720-abbe-4c71-8351-e4096882a750-1536x1152.jpg 1536w\" sizes=\"(max-width: 2040px) 100vw, 2040px\" \/><\/a> <a href=\"https:\/\/blogsaverroes.juntadeandalucia.es\/ieslagranja\/files\/2026\/03\/d9d56d4b-9553-4cd5-ab4c-d9bb81722752.jpg\"><img loading=\"lazy\" decoding=\"async\" class=\"alignnone size-full wp-image-12710\" src=\"https:\/\/blogsaverroes.juntadeandalucia.es\/ieslagranja\/files\/2026\/03\/d9d56d4b-9553-4cd5-ab4c-d9bb81722752.jpg\" alt=\"\" width=\"1536\" height=\"2048\" srcset=\"https:\/\/blogsaverroes.juntadeandalucia.es\/ieslagranja\/files\/2026\/03\/d9d56d4b-9553-4cd5-ab4c-d9bb81722752.jpg 1536w, https:\/\/blogsaverroes.juntadeandalucia.es\/ieslagranja\/files\/2026\/03\/d9d56d4b-9553-4cd5-ab4c-d9bb81722752-225x300.jpg 225w, https:\/\/blogsaverroes.juntadeandalucia.es\/ieslagranja\/files\/2026\/03\/d9d56d4b-9553-4cd5-ab4c-d9bb81722752-768x1024.jpg 768w, https:\/\/blogsaverroes.juntadeandalucia.es\/ieslagranja\/files\/2026\/03\/d9d56d4b-9553-4cd5-ab4c-d9bb81722752-1152x1536.jpg 1152w\" sizes=\"(max-width: 1536px) 100vw, 1536px\" \/><\/a><\/p>\n","protected":false},"excerpt":{"rendered":"<p>Entre los d\u00edas 24 y 26 de febrero, los profesores Daniel S\u00e1inz y Eva Nicasio viajaron a la antigua capital de la Lusitania romana, Em\u00e9rita Augusta, con los m\u00e1s bravos, el alumnado de 1\u00ba&#46;&#46;&#46;<\/p>\n","protected":false},"author":11116,"featured_media":12708,"comment_status":"closed","ping_status":"closed","sticky":false,"template":"","format":"standard","meta":{"ngg_post_thumbnail":0,"footnotes":""},"categories":[562,25513,2351701],"tags":[],"aioseo_notices":[],"_links":{"self":[{"href":"https:\/\/blogsaverroes.juntadeandalucia.es\/ieslagranja\/wp-json\/wp\/v2\/posts\/12701"}],"collection":[{"href":"https:\/\/blogsaverroes.juntadeandalucia.es\/ieslagranja\/wp-json\/wp\/v2\/posts"}],"about":[{"href":"https:\/\/blogsaverroes.juntadeandalucia.es\/ieslagranja\/wp-json\/wp\/v2\/types\/post"}],"author":[{"embeddable":true,"href":"https:\/\/blogsaverroes.juntadeandalucia.es\/ieslagranja\/wp-json\/wp\/v2\/users\/11116"}],"replies":[{"embeddable":true,"href":"https:\/\/blogsaverroes.juntadeandalucia.es\/ieslagranja\/wp-json\/wp\/v2\/comments?post=12701"}],"version-history":[{"count":1,"href":"https:\/\/blogsaverroes.juntadeandalucia.es\/ieslagranja\/wp-json\/wp\/v2\/posts\/12701\/revisions"}],"predecessor-version":[{"id":12711,"href":"https:\/\/blogsaverroes.juntadeandalucia.es\/ieslagranja\/wp-json\/wp\/v2\/posts\/12701\/revisions\/12711"}],"wp:featuredmedia":[{"embeddable":true,"href":"https:\/\/blogsaverroes.juntadeandalucia.es\/ieslagranja\/wp-json\/wp\/v2\/media\/12708"}],"wp:attachment":[{"href":"https:\/\/blogsaverroes.juntadeandalucia.es\/ieslagranja\/wp-json\/wp\/v2\/media?parent=12701"}],"wp:term":[{"taxonomy":"category","embeddable":true,"href":"https:\/\/blogsaverroes.juntadeandalucia.es\/ieslagranja\/wp-json\/wp\/v2\/categories?post=12701"},{"taxonomy":"post_tag","embeddable":true,"href":"https:\/\/blogsaverroes.juntadeandalucia.es\/ieslagranja\/wp-json\/wp\/v2\/tags?post=12701"}],"curies":[{"name":"wp","href":"https:\/\/api.w.org\/{rel}","templated":true}]}}