{"id":2565,"date":"2020-12-10T10:14:03","date_gmt":"2020-12-10T08:14:03","guid":{"rendered":"https:\/\/blogsaverroes.juntadeandalucia.es\/ieslagranja\/?p=2565"},"modified":"2021-06-30T11:09:27","modified_gmt":"2021-06-30T09:09:27","slug":"2565-2","status":"publish","type":"post","link":"https:\/\/blogsaverroes.juntadeandalucia.es\/ieslagranja\/2565-2\/","title":{"rendered":"B\u00e9cquer: donde no habitar\u00e1 el olvido"},"content":{"rendered":"<div class=\"pre-postcontent clearfix\">\n<div class=\"pre-article\">\n<p style=\"text-align: left\">A finales de diciembre de este a\u00f1o, que nos ha puesto ante la evidencia de nuestra fragilidad , cumplen&nbsp;<strong>150 a\u00f1os del fallecimiento de B\u00e9cquer<\/strong>, uno de los escritores m\u00e1s populares del siglo XX espa\u00f1ol: porque, m\u00e1s all\u00e1 de los c\u00edrculos eruditos que, en ocasiones, discuten la calidad de su obra, es evidente que B\u00e9cquer es algo m\u00e1s que otro escritor espa\u00f1ol: es el s\u00edmbolo del Romanticismo, (\u201c \u2026y qui\u00e9n que es no es rom\u00e1ntico,,,\u201dque dir\u00eda Rub\u00e9n) . B\u00e9cquer es el Lord Byron espa\u00f1ol, un poeta que todo el mundo conoce, el poeta con el que muchas y muchos nos iniciamos en la versificaci\u00f3n , en el sutil mundo de la met\u00e1fora , de la aceptaci\u00f3n de que existen otros mundos m\u00e1s all\u00e1 de los visibles, en nuestra almas.<\/p>\n<p style=\"text-align: left\">&nbsp;&nbsp; &nbsp; Desde nuestro centro tambi\u00e9n estamos colaborando en la &nbsp;difusi\u00f3n de su obra y su figura a trav\u00e9s de nuestras clases de Literatura y de <a href=\"http:\/\/ieslagranjabiblioteca.blogspot.com\/2020\/12\/becquer-donde-no-habitara-el-olvido.html\" rel=\"alternate\">nuestro blog<\/a> (pincha para seguir leyendo).<\/p>\n<p><img decoding=\"async\" class=\"aligncenter\" src=\"https:\/\/www.institutolagranja.com\/images\/curso201920\/alumnado\/b02488f.jpeg\" alt=\"\"><\/p>\n<\/div>\n<\/div>\n","protected":false},"excerpt":{"rendered":"<p>A finales de diciembre de este a\u00f1o, que nos ha puesto ante la evidencia de nuestra fragilidad , cumplen&nbsp;150 a\u00f1os del fallecimiento de B\u00e9cquer, uno de los escritores m\u00e1s populares del siglo XX espa\u00f1ol:&#46;&#46;&#46;<\/p>\n","protected":false},"author":11116,"featured_media":2567,"comment_status":"open","ping_status":"open","sticky":false,"template":"","format":"standard","meta":{"ngg_post_thumbnail":0,"footnotes":""},"categories":[213],"tags":[],"aioseo_notices":[],"_links":{"self":[{"href":"https:\/\/blogsaverroes.juntadeandalucia.es\/ieslagranja\/wp-json\/wp\/v2\/posts\/2565"}],"collection":[{"href":"https:\/\/blogsaverroes.juntadeandalucia.es\/ieslagranja\/wp-json\/wp\/v2\/posts"}],"about":[{"href":"https:\/\/blogsaverroes.juntadeandalucia.es\/ieslagranja\/wp-json\/wp\/v2\/types\/post"}],"author":[{"embeddable":true,"href":"https:\/\/blogsaverroes.juntadeandalucia.es\/ieslagranja\/wp-json\/wp\/v2\/users\/11116"}],"replies":[{"embeddable":true,"href":"https:\/\/blogsaverroes.juntadeandalucia.es\/ieslagranja\/wp-json\/wp\/v2\/comments?post=2565"}],"version-history":[{"count":2,"href":"https:\/\/blogsaverroes.juntadeandalucia.es\/ieslagranja\/wp-json\/wp\/v2\/posts\/2565\/revisions"}],"predecessor-version":[{"id":2568,"href":"https:\/\/blogsaverroes.juntadeandalucia.es\/ieslagranja\/wp-json\/wp\/v2\/posts\/2565\/revisions\/2568"}],"wp:featuredmedia":[{"embeddable":true,"href":"https:\/\/blogsaverroes.juntadeandalucia.es\/ieslagranja\/wp-json\/wp\/v2\/media\/2567"}],"wp:attachment":[{"href":"https:\/\/blogsaverroes.juntadeandalucia.es\/ieslagranja\/wp-json\/wp\/v2\/media?parent=2565"}],"wp:term":[{"taxonomy":"category","embeddable":true,"href":"https:\/\/blogsaverroes.juntadeandalucia.es\/ieslagranja\/wp-json\/wp\/v2\/categories?post=2565"},{"taxonomy":"post_tag","embeddable":true,"href":"https:\/\/blogsaverroes.juntadeandalucia.es\/ieslagranja\/wp-json\/wp\/v2\/tags?post=2565"}],"curies":[{"name":"wp","href":"https:\/\/api.w.org\/{rel}","templated":true}]}}