{"id":3025,"date":"2021-03-26T11:58:07","date_gmt":"2021-03-26T09:58:07","guid":{"rendered":"https:\/\/blogsaverroes.juntadeandalucia.es\/ieslagranja\/?p=3025"},"modified":"2021-04-05T12:28:35","modified_gmt":"2021-04-05T10:28:35","slug":"escolarizacion1","status":"publish","type":"post","link":"https:\/\/blogsaverroes.juntadeandalucia.es\/ieslagranja\/escolarizacion1\/","title":{"rendered":"Escolarizaci\u00f3n"},"content":{"rendered":"<p><a href=\"https:\/\/blogsaverroes.juntadeandalucia.es\/ieslagranja\/files\/2021\/03\/escolarizacion.jpg\"><img loading=\"lazy\" decoding=\"async\" class=\"size-full wp-image-2974 aligncenter\" src=\"https:\/\/blogsaverroes.juntadeandalucia.es\/ieslagranja\/files\/2021\/03\/escolarizacion.jpg\" alt=\"\" width=\"322\" height=\"208\" srcset=\"https:\/\/blogsaverroes.juntadeandalucia.es\/ieslagranja\/files\/2021\/03\/escolarizacion.jpg 322w, https:\/\/blogsaverroes.juntadeandalucia.es\/ieslagranja\/files\/2021\/03\/escolarizacion-300x194.jpg 300w, https:\/\/blogsaverroes.juntadeandalucia.es\/ieslagranja\/files\/2021\/03\/escolarizacion-320x208.jpg 320w\" sizes=\"(max-width: 322px) 100vw, 322px\" \/><\/a><\/p>\n<ul>\n<li>Aunque el Centro permanecer\u00e1 cerrado durante Semana Santa, hasta el d\u00eda 31 de mazo se podr\u00e1n presentar las solicitudes de admisi\u00f3n telem\u00e1ticamente con la clave iANDe en la&nbsp;<a href=\"https:\/\/www.juntadeandalucia.es\/educacion\/secretariavirtual\/accesoTramite\/543\/\" rel=\"alternate\">Secretar\u00eda Virtual de los Centros Educativos<\/a>&nbsp;o por correo postal certificado y sellado (para que conste la fecha del env\u00edo).<\/li>\n<li>Puede encontrar la clave iANDe en iPASEN accediendo al apartado Comunicaciones (consulta c\u00f3mo obtener&nbsp;<a href=\"https:\/\/blogsaverroes.juntadeandalucia.es\/ieslagranja\/obtencion-de-credenciales-ipasen\/\" rel=\"alternate\">usuario y contrase\u00f1a iPasen<\/a>).<\/li>\n<\/ul>\n<p><img decoding=\"async\" class=\"aligncenter\" src=\"https:\/\/www.institutolagranja.com\/images\/curso202021\/pantallazo2.jpg\" alt=\"\"><\/p>\n<ul>\n<li><a href=\"http:\/\/www.juntadeandalucia.es\/educacion\/vscripts\/centros\/index.asp\">Consulta de centros<\/a>.<\/li>\n<\/ul>\n<p>VACANTES<\/p>\n<ul>\n<li><a href=\"https:\/\/drive.google.com\/file\/d\/1vt0TjOUw43rexogfSQ2I8nZIVplKwvwc\/view\">Vacantes ofertadas ESO y Bachillerato<\/a>&nbsp; y&nbsp;<a href=\"https:\/\/drive.google.com\/file\/d\/1BNlaEL0bFEZfTQDCUplRMUhhHM71QGlO\/view?usp=sharing\">transporte escolar<\/a>&nbsp;del IES La Granja para el curso 2021-22.<\/li>\n<\/ul>\n<p>CALENDARIO<\/p>\n<ul>\n<li><a href=\"https:\/\/www.juntadeandalucia.es\/educacion\/portals\/web\/escolarizacion\/infantil-a-bachillerato\/calendario\/-\/agendamini\/navegacion\/4\/2020\">Calendario del proceso de Escolarizaci\u00f3n 2021\/22<\/a>&nbsp;en la web de la Consejer\u00eda de Educaci\u00f3n.<\/li>\n<li><a href=\"https:\/\/blogsaverroes.juntadeandalucia.es\/ieslagranja\/files\/2021\/03\/Calendario_BOJA.pdf\">Calendario del proceso de Educaci\u00f3n 2021\/22 en BOJA<\/a>. Plazos previstos.<\/li>\n<\/ul>\n","protected":false},"excerpt":{"rendered":"<p>Aunque el Centro permanecer\u00e1 cerrado durante Semana Santa, hasta el d\u00eda 31 de mazo se podr\u00e1n presentar las solicitudes de admisi\u00f3n telem\u00e1ticamente con la clave iANDe en la&nbsp;Secretar\u00eda Virtual de los Centros Educativos&nbsp;o por&#46;&#46;&#46;<\/p>\n","protected":false},"author":11116,"featured_media":2974,"comment_status":"closed","ping_status":"closed","sticky":false,"template":"","format":"standard","meta":{"ngg_post_thumbnail":0,"footnotes":""},"categories":[1000142],"tags":[],"aioseo_notices":[],"_links":{"self":[{"href":"https:\/\/blogsaverroes.juntadeandalucia.es\/ieslagranja\/wp-json\/wp\/v2\/posts\/3025"}],"collection":[{"href":"https:\/\/blogsaverroes.juntadeandalucia.es\/ieslagranja\/wp-json\/wp\/v2\/posts"}],"about":[{"href":"https:\/\/blogsaverroes.juntadeandalucia.es\/ieslagranja\/wp-json\/wp\/v2\/types\/post"}],"author":[{"embeddable":true,"href":"https:\/\/blogsaverroes.juntadeandalucia.es\/ieslagranja\/wp-json\/wp\/v2\/users\/11116"}],"replies":[{"embeddable":true,"href":"https:\/\/blogsaverroes.juntadeandalucia.es\/ieslagranja\/wp-json\/wp\/v2\/comments?post=3025"}],"version-history":[{"count":3,"href":"https:\/\/blogsaverroes.juntadeandalucia.es\/ieslagranja\/wp-json\/wp\/v2\/posts\/3025\/revisions"}],"predecessor-version":[{"id":3041,"href":"https:\/\/blogsaverroes.juntadeandalucia.es\/ieslagranja\/wp-json\/wp\/v2\/posts\/3025\/revisions\/3041"}],"wp:featuredmedia":[{"embeddable":true,"href":"https:\/\/blogsaverroes.juntadeandalucia.es\/ieslagranja\/wp-json\/wp\/v2\/media\/2974"}],"wp:attachment":[{"href":"https:\/\/blogsaverroes.juntadeandalucia.es\/ieslagranja\/wp-json\/wp\/v2\/media?parent=3025"}],"wp:term":[{"taxonomy":"category","embeddable":true,"href":"https:\/\/blogsaverroes.juntadeandalucia.es\/ieslagranja\/wp-json\/wp\/v2\/categories?post=3025"},{"taxonomy":"post_tag","embeddable":true,"href":"https:\/\/blogsaverroes.juntadeandalucia.es\/ieslagranja\/wp-json\/wp\/v2\/tags?post=3025"}],"curies":[{"name":"wp","href":"https:\/\/api.w.org\/{rel}","templated":true}]}}