{"id":3030,"date":"2025-01-13T08:09:02","date_gmt":"2025-01-13T06:09:02","guid":{"rendered":"https:\/\/blogsaverroes.juntadeandalucia.es\/ieslagranja\/?p=3030"},"modified":"2025-01-17T19:10:31","modified_gmt":"2025-01-17T17:10:31","slug":"inscripcion-pruebas-de-acceso-ciclos-formativos-grado-medio-fp","status":"publish","type":"post","link":"https:\/\/blogsaverroes.juntadeandalucia.es\/ieslagranja\/inscripcion-pruebas-de-acceso-ciclos-formativos-grado-medio-fp\/","title":{"rendered":"Inscripci\u00f3n Pruebas de Acceso Ciclos Formativos Grado Medio FP"},"content":{"rendered":"<p style=\"text-align: justify\">Entre los d\u00edas 13 y 24 de enero estar\u00e1 abierto el plazo para solicitar la inscripci\u00f3n en las Pruebas de Acceso a Ciclos Formativos de Grado Medio de FP a trav\u00e9s de la <a href=\"https:\/\/www.juntadeandalucia.es\/educacion\/secretariavirtual\/accesoTramite\/304\/\">Secretar\u00eda Virtual de los Centros Educativos<\/a> mediante clave iANDe o con certificado digital.<\/p>\n<p>Estas pruebas tambi\u00e9n se realizar\u00e1n en el IES Romero Vargas de Jerez de la Frontera.<\/p>\n<p><a href=\"https:\/\/blogsaverroes.juntadeandalucia.es\/ieslagranja\/files\/2025\/01\/PRUEBA-ACCESO-A-GRADO-MEDIO-2025.pdf\">Fechas a tener en cuenta (Calendario)<\/a>.<\/p>\n<p style=\"text-align: left\"><a href=\"https:\/\/view.genially.com\/6784fc355cd4a53e1ed0b77b\/horizontal-infographic-review-prueba-acceso-ciclos-2025\">M\u00e1s informaci\u00f3n.<\/a><\/p>\n<p style=\"text-align: center\"><a href=\"https:\/\/view.genially.com\/6784fc355cd4a53e1ed0b77b\/horizontal-infographic-review-prueba-acceso-ciclos-2025\"><img loading=\"lazy\" decoding=\"async\" class=\"alignnone size-full wp-image-10584\" src=\"https:\/\/blogsaverroes.juntadeandalucia.es\/ieslagranja\/files\/2025\/01\/genially2.jpg\" alt=\"\" width=\"1002\" height=\"564\" srcset=\"https:\/\/blogsaverroes.juntadeandalucia.es\/ieslagranja\/files\/2025\/01\/genially2.jpg 1002w, https:\/\/blogsaverroes.juntadeandalucia.es\/ieslagranja\/files\/2025\/01\/genially2-300x169.jpg 300w, https:\/\/blogsaverroes.juntadeandalucia.es\/ieslagranja\/files\/2025\/01\/genially2-768x432.jpg 768w\" sizes=\"(max-width: 1002px) 100vw, 1002px\" \/><\/a><\/p>\n","protected":false},"excerpt":{"rendered":"<p>Entre los d\u00edas 13 y 24 de enero estar\u00e1 abierto el plazo para solicitar la inscripci\u00f3n en las Pruebas de Acceso a Ciclos Formativos de Grado Medio de FP a trav\u00e9s de la Secretar\u00eda&#46;&#46;&#46;<\/p>\n","protected":false},"author":11116,"featured_media":10584,"comment_status":"closed","ping_status":"closed","sticky":false,"template":"","format":"standard","meta":{"ngg_post_thumbnail":0,"footnotes":""},"categories":[526,25510,2351652],"tags":[],"aioseo_notices":[],"_links":{"self":[{"href":"https:\/\/blogsaverroes.juntadeandalucia.es\/ieslagranja\/wp-json\/wp\/v2\/posts\/3030"}],"collection":[{"href":"https:\/\/blogsaverroes.juntadeandalucia.es\/ieslagranja\/wp-json\/wp\/v2\/posts"}],"about":[{"href":"https:\/\/blogsaverroes.juntadeandalucia.es\/ieslagranja\/wp-json\/wp\/v2\/types\/post"}],"author":[{"embeddable":true,"href":"https:\/\/blogsaverroes.juntadeandalucia.es\/ieslagranja\/wp-json\/wp\/v2\/users\/11116"}],"replies":[{"embeddable":true,"href":"https:\/\/blogsaverroes.juntadeandalucia.es\/ieslagranja\/wp-json\/wp\/v2\/comments?post=3030"}],"version-history":[{"count":26,"href":"https:\/\/blogsaverroes.juntadeandalucia.es\/ieslagranja\/wp-json\/wp\/v2\/posts\/3030\/revisions"}],"predecessor-version":[{"id":3037,"href":"https:\/\/blogsaverroes.juntadeandalucia.es\/ieslagranja\/wp-json\/wp\/v2\/posts\/3030\/revisions\/3037"}],"wp:featuredmedia":[{"embeddable":true,"href":"https:\/\/blogsaverroes.juntadeandalucia.es\/ieslagranja\/wp-json\/wp\/v2\/media\/10584"}],"wp:attachment":[{"href":"https:\/\/blogsaverroes.juntadeandalucia.es\/ieslagranja\/wp-json\/wp\/v2\/media?parent=3030"}],"wp:term":[{"taxonomy":"category","embeddable":true,"href":"https:\/\/blogsaverroes.juntadeandalucia.es\/ieslagranja\/wp-json\/wp\/v2\/categories?post=3030"},{"taxonomy":"post_tag","embeddable":true,"href":"https:\/\/blogsaverroes.juntadeandalucia.es\/ieslagranja\/wp-json\/wp\/v2\/tags?post=3030"}],"curies":[{"name":"wp","href":"https:\/\/api.w.org\/{rel}","templated":true}]}}