{"id":3263,"date":"2021-04-26T13:46:50","date_gmt":"2021-04-26T11:46:50","guid":{"rendered":"https:\/\/blogsaverroes.juntadeandalucia.es\/ieslagranja\/?p=3263"},"modified":"2022-11-15T11:28:05","modified_gmt":"2022-11-15T09:28:05","slug":"dia-del-libro","status":"publish","type":"post","link":"https:\/\/blogsaverroes.juntadeandalucia.es\/ieslagranja\/dia-del-libro\/","title":{"rendered":"D\u00eda del Libro"},"content":{"rendered":"<p>En todas las aulas se comenzar\u00e1 la primera hora leyendo el discurso&nbsp;<a href=\"https:\/\/drive.google.com\/file\/d\/15vE2o28_kxVoBpZfwrBkjS0kWLqmbitK\/view?usp=sharing\" rel=\"alternate\"><strong>Medio Pan y Un Libro<\/strong><\/a> escrito por Federico Garc\u00eda Lorca por la inauguraci\u00f3n de la biblioteca de su pueblo.&nbsp;&nbsp;<\/p>\n<p>Alumnos de 4 ESO dramatizar\u00e1n un cap\u00edtulo de una aventura de Don Quijote luchando contra el coronavirus tras volverse loco leyendo WhatsApps del tema&#8230; la autora una alumna de 3\u00ba ESO ahora en 4\u00ba&#8230;<\/p>\n<p>Tambi\u00e9n se leer\u00e1n poemas de escritoras del siglo XX a tercera y cuarta hora.&nbsp;<\/p>\n<p>M\u00e1s informaci\u00f3n en el&nbsp;<a href=\"http:\/\/ieslagranjabiblioteca.blogspot.com\/2021\/04\/dia-del-libro-2021-cervantes-las-sin.html\" rel=\"alternate\">blog de la biblioteca<\/a>.<\/p>\n<p style=\"text-align: center\"><iframe loading=\"lazy\" src=\"https:\/\/www.youtube.com\/embed\/B_k5KjgNuK0\" width=\"560\" height=\"315\" frameborder=\"0\"><\/iframe><\/p>\n<p style=\"text-align: center\"><a href=\"https:\/\/blogsaverroes.juntadeandalucia.es\/ieslagranja\/files\/2021\/04\/WhatsApp-Image-2021-04-23-at-08.21.23-1.jpeg\"><img loading=\"lazy\" decoding=\"async\" class=\"alignnone size-full wp-image-6977\" src=\"https:\/\/blogsaverroes.juntadeandalucia.es\/ieslagranja\/files\/2021\/04\/WhatsApp-Image-2021-04-23-at-08.21.23-1.jpeg\" alt=\"\" width=\"600\" height=\"450\" srcset=\"https:\/\/blogsaverroes.juntadeandalucia.es\/ieslagranja\/files\/2021\/04\/WhatsApp-Image-2021-04-23-at-08.21.23-1.jpeg 600w, https:\/\/blogsaverroes.juntadeandalucia.es\/ieslagranja\/files\/2021\/04\/WhatsApp-Image-2021-04-23-at-08.21.23-1-300x225.jpeg 300w\" sizes=\"(max-width: 600px) 100vw, 600px\" \/><\/a> <a href=\"https:\/\/blogsaverroes.juntadeandalucia.es\/ieslagranja\/files\/2021\/04\/WhatsApp-Image-2021-04-23-at-08.21.22.jpeg\"><img loading=\"lazy\" decoding=\"async\" class=\"alignnone size-full wp-image-6976\" src=\"https:\/\/blogsaverroes.juntadeandalucia.es\/ieslagranja\/files\/2021\/04\/WhatsApp-Image-2021-04-23-at-08.21.22.jpeg\" alt=\"\" width=\"450\" height=\"600\" srcset=\"https:\/\/blogsaverroes.juntadeandalucia.es\/ieslagranja\/files\/2021\/04\/WhatsApp-Image-2021-04-23-at-08.21.22.jpeg 450w, https:\/\/blogsaverroes.juntadeandalucia.es\/ieslagranja\/files\/2021\/04\/WhatsApp-Image-2021-04-23-at-08.21.22-225x300.jpeg 225w\" sizes=\"(max-width: 450px) 100vw, 450px\" \/><\/a> <a href=\"https:\/\/blogsaverroes.juntadeandalucia.es\/ieslagranja\/files\/2021\/04\/WhatsApp-Image-2021-04-23-at-08.21.221.jpeg\"><img loading=\"lazy\" decoding=\"async\" class=\"alignnone size-full wp-image-6978\" src=\"https:\/\/blogsaverroes.juntadeandalucia.es\/ieslagranja\/files\/2021\/04\/WhatsApp-Image-2021-04-23-at-08.21.221.jpeg\" alt=\"\" width=\"450\" height=\"600\" srcset=\"https:\/\/blogsaverroes.juntadeandalucia.es\/ieslagranja\/files\/2021\/04\/WhatsApp-Image-2021-04-23-at-08.21.221.jpeg 450w, https:\/\/blogsaverroes.juntadeandalucia.es\/ieslagranja\/files\/2021\/04\/WhatsApp-Image-2021-04-23-at-08.21.221-225x300.jpeg 225w\" sizes=\"(max-width: 450px) 100vw, 450px\" \/><\/a> <a href=\"https:\/\/blogsaverroes.juntadeandalucia.es\/ieslagranja\/files\/2021\/04\/2.jpg\"><img loading=\"lazy\" decoding=\"async\" class=\"alignnone size-full wp-image-6974\" src=\"https:\/\/blogsaverroes.juntadeandalucia.es\/ieslagranja\/files\/2021\/04\/2.jpg\" alt=\"\" width=\"600\" height=\"450\" srcset=\"https:\/\/blogsaverroes.juntadeandalucia.es\/ieslagranja\/files\/2021\/04\/2.jpg 600w, https:\/\/blogsaverroes.juntadeandalucia.es\/ieslagranja\/files\/2021\/04\/2-300x225.jpg 300w\" sizes=\"(max-width: 600px) 100vw, 600px\" \/><\/a> <a href=\"https:\/\/blogsaverroes.juntadeandalucia.es\/ieslagranja\/files\/2021\/04\/11.jpg\"><img loading=\"lazy\" decoding=\"async\" class=\"alignnone size-full wp-image-6975\" src=\"https:\/\/blogsaverroes.juntadeandalucia.es\/ieslagranja\/files\/2021\/04\/11.jpg\" alt=\"\" width=\"600\" height=\"450\" srcset=\"https:\/\/blogsaverroes.juntadeandalucia.es\/ieslagranja\/files\/2021\/04\/11.jpg 600w, https:\/\/blogsaverroes.juntadeandalucia.es\/ieslagranja\/files\/2021\/04\/11-300x225.jpg 300w\" sizes=\"(max-width: 600px) 100vw, 600px\" \/><\/a> <a href=\"https:\/\/blogsaverroes.juntadeandalucia.es\/ieslagranja\/files\/2021\/04\/WhatsApp-Image-2021-04-23-at-08.23.40.jpeg\"><img loading=\"lazy\" decoding=\"async\" class=\"alignnone size-full wp-image-6979\" src=\"https:\/\/blogsaverroes.juntadeandalucia.es\/ieslagranja\/files\/2021\/04\/WhatsApp-Image-2021-04-23-at-08.23.40.jpeg\" alt=\"\" width=\"337\" height=\"600\" srcset=\"https:\/\/blogsaverroes.juntadeandalucia.es\/ieslagranja\/files\/2021\/04\/WhatsApp-Image-2021-04-23-at-08.23.40.jpeg 337w, https:\/\/blogsaverroes.juntadeandalucia.es\/ieslagranja\/files\/2021\/04\/WhatsApp-Image-2021-04-23-at-08.23.40-169x300.jpeg 169w\" sizes=\"(max-width: 337px) 100vw, 337px\" \/><\/a><\/p>\n<p style=\"text-align: center\">&nbsp;<\/p>\n","protected":false},"excerpt":{"rendered":"<p>En todas las aulas se comenzar\u00e1 la primera hora leyendo el discurso&nbsp;Medio Pan y Un Libro escrito por Federico Garc\u00eda Lorca por la inauguraci\u00f3n de la biblioteca de su pueblo.&nbsp;&nbsp; Alumnos de 4 ESO&#46;&#46;&#46;<\/p>\n","protected":false},"author":11116,"featured_media":6975,"comment_status":"closed","ping_status":"closed","sticky":false,"template":"","format":"standard","meta":{"ngg_post_thumbnail":0,"footnotes":""},"categories":[213,2351673],"tags":[],"aioseo_notices":[],"_links":{"self":[{"href":"https:\/\/blogsaverroes.juntadeandalucia.es\/ieslagranja\/wp-json\/wp\/v2\/posts\/3263"}],"collection":[{"href":"https:\/\/blogsaverroes.juntadeandalucia.es\/ieslagranja\/wp-json\/wp\/v2\/posts"}],"about":[{"href":"https:\/\/blogsaverroes.juntadeandalucia.es\/ieslagranja\/wp-json\/wp\/v2\/types\/post"}],"author":[{"embeddable":true,"href":"https:\/\/blogsaverroes.juntadeandalucia.es\/ieslagranja\/wp-json\/wp\/v2\/users\/11116"}],"replies":[{"embeddable":true,"href":"https:\/\/blogsaverroes.juntadeandalucia.es\/ieslagranja\/wp-json\/wp\/v2\/comments?post=3263"}],"version-history":[{"count":7,"href":"https:\/\/blogsaverroes.juntadeandalucia.es\/ieslagranja\/wp-json\/wp\/v2\/posts\/3263\/revisions"}],"predecessor-version":[{"id":6980,"href":"https:\/\/blogsaverroes.juntadeandalucia.es\/ieslagranja\/wp-json\/wp\/v2\/posts\/3263\/revisions\/6980"}],"wp:featuredmedia":[{"embeddable":true,"href":"https:\/\/blogsaverroes.juntadeandalucia.es\/ieslagranja\/wp-json\/wp\/v2\/media\/6975"}],"wp:attachment":[{"href":"https:\/\/blogsaverroes.juntadeandalucia.es\/ieslagranja\/wp-json\/wp\/v2\/media?parent=3263"}],"wp:term":[{"taxonomy":"category","embeddable":true,"href":"https:\/\/blogsaverroes.juntadeandalucia.es\/ieslagranja\/wp-json\/wp\/v2\/categories?post=3263"},{"taxonomy":"post_tag","embeddable":true,"href":"https:\/\/blogsaverroes.juntadeandalucia.es\/ieslagranja\/wp-json\/wp\/v2\/tags?post=3263"}],"curies":[{"name":"wp","href":"https:\/\/api.w.org\/{rel}","templated":true}]}}