{"id":3350,"date":"2016-06-02T18:53:10","date_gmt":"2016-06-02T16:53:10","guid":{"rendered":"https:\/\/blogsaverroes.juntadeandalucia.es\/ieslagranja\/?p=3350"},"modified":"2022-01-24T14:09:12","modified_gmt":"2022-01-24T12:09:12","slug":"encuentro-erasmus-en-finlandia","status":"publish","type":"post","link":"https:\/\/blogsaverroes.juntadeandalucia.es\/ieslagranja\/encuentro-erasmus-en-finlandia\/","title":{"rendered":"Encuentro ERASMUS en Finlandia"},"content":{"rendered":"<div style=\"text-align: justify\">Del 22 al 27 de mayo se ha celebrado en la ciudad de Lappeenranta (Finlandia) el \u00faltimo mitin internacional de este a\u00f1o, dentro del proyecto Erasmus + en el que participa nuestro instituto. Han sido cinco d\u00edas en los que se trabaja un cuestionario y una evaluaci\u00f3n de todo lo realizado en el curso acad\u00e9mico que termina. Tambi\u00e9n ha habido algunas conferencias sobre el sistema educativo fin\u00e9s, el segundo con mejores resultados seg\u00fan el informe PISA. Hasta all\u00ed han viajado profesores de los siete centros participantes, incluyendo el IES La Granja. Tambi\u00e9n han terminado de gestionar cada uno de los productos que se deben realizar (10 por curso acad\u00e9mico) as\u00ed como de las actividades a llevar a cabo el curso pr\u00f3ximo,&nbsp;y discutieron sobre los diferentes encuentros de alumnos y profesores.<\/div>\n<div style=\"text-align: justify\">Fue especialmente emotivo el discurso de bienvenida (Welcome Speech) realizado por las tres alumnas que estuvieron en nuestro instituto en el mitin sobre el agua, en \u00e9l se recalca lo que ha supuesto para ellas el proyecto y agradecen a nuestros alumnos, familias y profesores su acogida.&nbsp;<\/div>\n<div style=\"text-align: justify\">El proyecto Erasmus + sigue su curso y cada vez son m\u00e1s los alumnos y profesores involucrados. Pr\u00f3ximo encuentro, en Letonia, en Septiembre.<\/div>\n<div><a href=\"https:\/\/blogsaverroes.juntadeandalucia.es\/ieslagranja\/files\/2016\/06\/Instituto-Lauritsala-Koulu-scaled.jpg\"><img loading=\"lazy\" decoding=\"async\" class=\"alignnone size-full wp-image-3954\" src=\"https:\/\/blogsaverroes.juntadeandalucia.es\/ieslagranja\/files\/2016\/06\/Instituto-Lauritsala-Koulu-scaled.jpg\" alt=\"\" width=\"1600\" height=\"1067\" srcset=\"https:\/\/blogsaverroes.juntadeandalucia.es\/ieslagranja\/files\/2016\/06\/Instituto-Lauritsala-Koulu-scaled.jpg 1600w, https:\/\/blogsaverroes.juntadeandalucia.es\/ieslagranja\/files\/2016\/06\/Instituto-Lauritsala-Koulu-300x200.jpg 300w, https:\/\/blogsaverroes.juntadeandalucia.es\/ieslagranja\/files\/2016\/06\/Instituto-Lauritsala-Koulu-1024x683.jpg 1024w, https:\/\/blogsaverroes.juntadeandalucia.es\/ieslagranja\/files\/2016\/06\/Instituto-Lauritsala-Koulu-768x512.jpg 768w, https:\/\/blogsaverroes.juntadeandalucia.es\/ieslagranja\/files\/2016\/06\/Instituto-Lauritsala-Koulu-1536x1024.jpg 1536w, https:\/\/blogsaverroes.juntadeandalucia.es\/ieslagranja\/files\/2016\/06\/Instituto-Lauritsala-Koulu-2048x1365.jpg 2048w\" sizes=\"(max-width: 1600px) 100vw, 1600px\" \/><\/a> <a href=\"https:\/\/blogsaverroes.juntadeandalucia.es\/ieslagranja\/files\/2016\/06\/Vitrina-en-el-Instituto-Lauritsala-Koulu-scaled.jpg\"><img loading=\"lazy\" decoding=\"async\" class=\"alignnone size-full wp-image-3955\" src=\"https:\/\/blogsaverroes.juntadeandalucia.es\/ieslagranja\/files\/2016\/06\/Vitrina-en-el-Instituto-Lauritsala-Koulu-scaled.jpg\" alt=\"\" width=\"1600\" height=\"1067\" srcset=\"https:\/\/blogsaverroes.juntadeandalucia.es\/ieslagranja\/files\/2016\/06\/Vitrina-en-el-Instituto-Lauritsala-Koulu-scaled.jpg 1600w, https:\/\/blogsaverroes.juntadeandalucia.es\/ieslagranja\/files\/2016\/06\/Vitrina-en-el-Instituto-Lauritsala-Koulu-300x200.jpg 300w, https:\/\/blogsaverroes.juntadeandalucia.es\/ieslagranja\/files\/2016\/06\/Vitrina-en-el-Instituto-Lauritsala-Koulu-1024x683.jpg 1024w, https:\/\/blogsaverroes.juntadeandalucia.es\/ieslagranja\/files\/2016\/06\/Vitrina-en-el-Instituto-Lauritsala-Koulu-768x512.jpg 768w, https:\/\/blogsaverroes.juntadeandalucia.es\/ieslagranja\/files\/2016\/06\/Vitrina-en-el-Instituto-Lauritsala-Koulu-1536x1024.jpg 1536w, https:\/\/blogsaverroes.juntadeandalucia.es\/ieslagranja\/files\/2016\/06\/Vitrina-en-el-Instituto-Lauritsala-Koulu-2048x1365.jpg 2048w\" sizes=\"(max-width: 1600px) 100vw, 1600px\" \/><\/a><\/div>\n<div>&nbsp;<\/div>\n<div>&nbsp;<\/div>\n","protected":false},"excerpt":{"rendered":"<p>Del 22 al 27 de mayo se ha celebrado en la ciudad de Lappeenranta (Finlandia) el \u00faltimo mitin internacional de este a\u00f1o, dentro del proyecto Erasmus + en el que participa nuestro instituto. Han&#46;&#46;&#46;<\/p>\n","protected":false},"author":11116,"featured_media":3352,"comment_status":"closed","ping_status":"closed","sticky":false,"template":"","format":"standard","meta":{"ngg_post_thumbnail":0,"footnotes":""},"categories":[2351677,2351658],"tags":[],"aioseo_notices":[],"_links":{"self":[{"href":"https:\/\/blogsaverroes.juntadeandalucia.es\/ieslagranja\/wp-json\/wp\/v2\/posts\/3350"}],"collection":[{"href":"https:\/\/blogsaverroes.juntadeandalucia.es\/ieslagranja\/wp-json\/wp\/v2\/posts"}],"about":[{"href":"https:\/\/blogsaverroes.juntadeandalucia.es\/ieslagranja\/wp-json\/wp\/v2\/types\/post"}],"author":[{"embeddable":true,"href":"https:\/\/blogsaverroes.juntadeandalucia.es\/ieslagranja\/wp-json\/wp\/v2\/users\/11116"}],"replies":[{"embeddable":true,"href":"https:\/\/blogsaverroes.juntadeandalucia.es\/ieslagranja\/wp-json\/wp\/v2\/comments?post=3350"}],"version-history":[{"count":3,"href":"https:\/\/blogsaverroes.juntadeandalucia.es\/ieslagranja\/wp-json\/wp\/v2\/posts\/3350\/revisions"}],"predecessor-version":[{"id":5176,"href":"https:\/\/blogsaverroes.juntadeandalucia.es\/ieslagranja\/wp-json\/wp\/v2\/posts\/3350\/revisions\/5176"}],"wp:featuredmedia":[{"embeddable":true,"href":"https:\/\/blogsaverroes.juntadeandalucia.es\/ieslagranja\/wp-json\/wp\/v2\/media\/3352"}],"wp:attachment":[{"href":"https:\/\/blogsaverroes.juntadeandalucia.es\/ieslagranja\/wp-json\/wp\/v2\/media?parent=3350"}],"wp:term":[{"taxonomy":"category","embeddable":true,"href":"https:\/\/blogsaverroes.juntadeandalucia.es\/ieslagranja\/wp-json\/wp\/v2\/categories?post=3350"},{"taxonomy":"post_tag","embeddable":true,"href":"https:\/\/blogsaverroes.juntadeandalucia.es\/ieslagranja\/wp-json\/wp\/v2\/tags?post=3350"}],"curies":[{"name":"wp","href":"https:\/\/api.w.org\/{rel}","templated":true}]}}