{"id":3363,"date":"2016-01-21T20:01:43","date_gmt":"2016-01-21T18:01:43","guid":{"rendered":"https:\/\/blogsaverroes.juntadeandalucia.es\/ieslagranja\/?p=3363"},"modified":"2022-01-24T14:16:17","modified_gmt":"2022-01-24T12:16:17","slug":"continuan-las-actividades-del-programa-erasmus","status":"publish","type":"post","link":"https:\/\/blogsaverroes.juntadeandalucia.es\/ieslagranja\/continuan-las-actividades-del-programa-erasmus\/","title":{"rendered":"Contin\u00faan las actividades del Programa Erasmus+"},"content":{"rendered":"<p class=\"Predeterminado\" style=\"text-align: justify\">Durante&nbsp;la semana pasada, <strong>del 17 al 24 de enero de 2016<\/strong>, las alumnas de 3\u00ba de ESO Paula Villarreal, Mar\u00eda Rodr\u00edguez y Mar\u00eda Jos\u00e9 Balsera han participado en una de las Learning Activities en <strong>Oporto<\/strong>. All\u00ed han realizado una <em>exposici\u00f3n sobre el Agua<\/em> en Espa\u00f1a, Andaluc\u00eda y nuestra provincia. Tambi\u00e9n presentaron un <em>juego de ordenador<\/em> did\u00e1ctico realizado por el grupo Erasmus + de nuestro instituto.&nbsp;<\/p>\n<p class=\"Predeterminado\">M\u00e1s info pulsando el enlace \u00abproyectos-Erasmus+\u00bb que encontrar\u00e1s en el men\u00fa que est\u00e1 arriba.<\/p>\n<p class=\"Predeterminado\"><a href=\"https:\/\/blogsaverroes.juntadeandalucia.es\/ieslagranja\/files\/2016\/01\/\u00edndice.png\"><img loading=\"lazy\" decoding=\"async\" class=\"alignnone size-full wp-image-3968\" src=\"https:\/\/blogsaverroes.juntadeandalucia.es\/ieslagranja\/files\/2016\/01\/\u00edndice.png\" alt=\"\" width=\"710\" height=\"502\" srcset=\"https:\/\/blogsaverroes.juntadeandalucia.es\/ieslagranja\/files\/2016\/01\/\u00edndice.png 710w, https:\/\/blogsaverroes.juntadeandalucia.es\/ieslagranja\/files\/2016\/01\/\u00edndice-300x212.png 300w\" sizes=\"(max-width: 710px) 100vw, 710px\" \/><\/a>&nbsp;<br \/>\nLa Comunidad Educativa del IES La Granja felicita a todos los participantes en este Programa Europeo por su gran trabajo y dedicaci\u00f3n personal.<\/p>\n","protected":false},"excerpt":{"rendered":"<p>Durante&nbsp;la semana pasada, del 17 al 24 de enero de 2016, las alumnas de 3\u00ba de ESO Paula Villarreal, Mar\u00eda Rodr\u00edguez y Mar\u00eda Jos\u00e9 Balsera han participado en una de las Learning Activities en&#46;&#46;&#46;<\/p>\n","protected":false},"author":11116,"featured_media":3364,"comment_status":"closed","ping_status":"closed","sticky":false,"template":"","format":"standard","meta":{"ngg_post_thumbnail":0,"footnotes":""},"categories":[2351677,2351658],"tags":[],"aioseo_notices":[],"_links":{"self":[{"href":"https:\/\/blogsaverroes.juntadeandalucia.es\/ieslagranja\/wp-json\/wp\/v2\/posts\/3363"}],"collection":[{"href":"https:\/\/blogsaverroes.juntadeandalucia.es\/ieslagranja\/wp-json\/wp\/v2\/posts"}],"about":[{"href":"https:\/\/blogsaverroes.juntadeandalucia.es\/ieslagranja\/wp-json\/wp\/v2\/types\/post"}],"author":[{"embeddable":true,"href":"https:\/\/blogsaverroes.juntadeandalucia.es\/ieslagranja\/wp-json\/wp\/v2\/users\/11116"}],"replies":[{"embeddable":true,"href":"https:\/\/blogsaverroes.juntadeandalucia.es\/ieslagranja\/wp-json\/wp\/v2\/comments?post=3363"}],"version-history":[{"count":3,"href":"https:\/\/blogsaverroes.juntadeandalucia.es\/ieslagranja\/wp-json\/wp\/v2\/posts\/3363\/revisions"}],"predecessor-version":[{"id":3969,"href":"https:\/\/blogsaverroes.juntadeandalucia.es\/ieslagranja\/wp-json\/wp\/v2\/posts\/3363\/revisions\/3969"}],"wp:featuredmedia":[{"embeddable":true,"href":"https:\/\/blogsaverroes.juntadeandalucia.es\/ieslagranja\/wp-json\/wp\/v2\/media\/3364"}],"wp:attachment":[{"href":"https:\/\/blogsaverroes.juntadeandalucia.es\/ieslagranja\/wp-json\/wp\/v2\/media?parent=3363"}],"wp:term":[{"taxonomy":"category","embeddable":true,"href":"https:\/\/blogsaverroes.juntadeandalucia.es\/ieslagranja\/wp-json\/wp\/v2\/categories?post=3363"},{"taxonomy":"post_tag","embeddable":true,"href":"https:\/\/blogsaverroes.juntadeandalucia.es\/ieslagranja\/wp-json\/wp\/v2\/tags?post=3363"}],"curies":[{"name":"wp","href":"https:\/\/api.w.org\/{rel}","templated":true}]}}