{"id":3433,"date":"2021-05-25T09:09:08","date_gmt":"2021-05-25T07:09:08","guid":{"rendered":"https:\/\/blogsaverroes.juntadeandalucia.es\/ieslagranja\/?p=3433"},"modified":"2022-11-15T11:20:14","modified_gmt":"2022-11-15T09:20:14","slug":"presentacion-documental-liberadxs-2021","status":"publish","type":"post","link":"https:\/\/blogsaverroes.juntadeandalucia.es\/ieslagranja\/presentacion-documental-liberadxs-2021\/","title":{"rendered":"Presentaci\u00f3n documental LIBERADXS 2021"},"content":{"rendered":"<p style=\"text-align: justify\">El pasado 20 de mayo se present\u00f3 en el SUM el documental LIBERADXS, realizado y dirigido por alumnado y profesorado de nuestro centro, en el que dan testimonio de su experiencia personas que han sido agredidas socialmente por su orientaci\u00f3n o identidad sexual. Asistieron Juan Antonio Cabello, Delegado de Educaci\u00f3n y M\u00aa Luisa Bermejo, Jefa del Servicio de Ordenaci\u00f3n Educativa de la Delegaci\u00f3n de C\u00e1diz. Tras la proyecci\u00f3n hubo un enriquecedor debate.&nbsp;<\/p>\n<p><a href=\"https:\/\/blogsaverroes.juntadeandalucia.es\/ieslagranja\/files\/2021\/05\/presentacion1-1024x768-1.jpg\"><img loading=\"lazy\" decoding=\"async\" class=\"alignnone size-full wp-image-6961\" src=\"https:\/\/blogsaverroes.juntadeandalucia.es\/ieslagranja\/files\/2021\/05\/presentacion1-1024x768-1.jpg\" alt=\"\" width=\"1024\" height=\"768\" srcset=\"https:\/\/blogsaverroes.juntadeandalucia.es\/ieslagranja\/files\/2021\/05\/presentacion1-1024x768-1.jpg 1024w, https:\/\/blogsaverroes.juntadeandalucia.es\/ieslagranja\/files\/2021\/05\/presentacion1-1024x768-1-300x225.jpg 300w, https:\/\/blogsaverroes.juntadeandalucia.es\/ieslagranja\/files\/2021\/05\/presentacion1-1024x768-1-768x576.jpg 768w\" sizes=\"(max-width: 1024px) 100vw, 1024px\" \/><\/a> <a href=\"https:\/\/blogsaverroes.juntadeandalucia.es\/ieslagranja\/files\/2021\/05\/presentacion2-1.jpg\"><img loading=\"lazy\" decoding=\"async\" class=\"alignnone size-large wp-image-6962\" src=\"https:\/\/blogsaverroes.juntadeandalucia.es\/ieslagranja\/files\/2021\/05\/presentacion2-1.jpg\" alt=\"\" width=\"1024\" height=\"768\" srcset=\"https:\/\/blogsaverroes.juntadeandalucia.es\/ieslagranja\/files\/2021\/05\/presentacion2-1.jpg 1024w, https:\/\/blogsaverroes.juntadeandalucia.es\/ieslagranja\/files\/2021\/05\/presentacion2-1-300x225.jpg 300w, https:\/\/blogsaverroes.juntadeandalucia.es\/ieslagranja\/files\/2021\/05\/presentacion2-1-768x576.jpg 768w\" sizes=\"(max-width: 1024px) 100vw, 1024px\" \/><\/a><\/p>\n<p style=\"text-align: center\"><iframe loading=\"lazy\" src=\"https:\/\/www.youtube.com\/embed\/BwUDv-_zd58\" width=\"560\" height=\"315\" frameborder=\"0\"><\/iframe>&nbsp;<\/p>\n<p>&nbsp;<\/p>\n","protected":false},"excerpt":{"rendered":"<p>El pasado 20 de mayo se present\u00f3 en el SUM el documental LIBERADXS, realizado y dirigido por alumnado y profesorado de nuestro centro, en el que dan testimonio de su experiencia personas que han&#46;&#46;&#46;<\/p>\n","protected":false},"author":11116,"featured_media":6961,"comment_status":"closed","ping_status":"closed","sticky":false,"template":"","format":"standard","meta":{"ngg_post_thumbnail":0,"footnotes":""},"categories":[2351649,2351673],"tags":[],"aioseo_notices":[],"_links":{"self":[{"href":"https:\/\/blogsaverroes.juntadeandalucia.es\/ieslagranja\/wp-json\/wp\/v2\/posts\/3433"}],"collection":[{"href":"https:\/\/blogsaverroes.juntadeandalucia.es\/ieslagranja\/wp-json\/wp\/v2\/posts"}],"about":[{"href":"https:\/\/blogsaverroes.juntadeandalucia.es\/ieslagranja\/wp-json\/wp\/v2\/types\/post"}],"author":[{"embeddable":true,"href":"https:\/\/blogsaverroes.juntadeandalucia.es\/ieslagranja\/wp-json\/wp\/v2\/users\/11116"}],"replies":[{"embeddable":true,"href":"https:\/\/blogsaverroes.juntadeandalucia.es\/ieslagranja\/wp-json\/wp\/v2\/comments?post=3433"}],"version-history":[{"count":13,"href":"https:\/\/blogsaverroes.juntadeandalucia.es\/ieslagranja\/wp-json\/wp\/v2\/posts\/3433\/revisions"}],"predecessor-version":[{"id":6972,"href":"https:\/\/blogsaverroes.juntadeandalucia.es\/ieslagranja\/wp-json\/wp\/v2\/posts\/3433\/revisions\/6972"}],"wp:featuredmedia":[{"embeddable":true,"href":"https:\/\/blogsaverroes.juntadeandalucia.es\/ieslagranja\/wp-json\/wp\/v2\/media\/6961"}],"wp:attachment":[{"href":"https:\/\/blogsaverroes.juntadeandalucia.es\/ieslagranja\/wp-json\/wp\/v2\/media?parent=3433"}],"wp:term":[{"taxonomy":"category","embeddable":true,"href":"https:\/\/blogsaverroes.juntadeandalucia.es\/ieslagranja\/wp-json\/wp\/v2\/categories?post=3433"},{"taxonomy":"post_tag","embeddable":true,"href":"https:\/\/blogsaverroes.juntadeandalucia.es\/ieslagranja\/wp-json\/wp\/v2\/tags?post=3433"}],"curies":[{"name":"wp","href":"https:\/\/api.w.org\/{rel}","templated":true}]}}