{"id":3981,"date":"2020-04-23T14:35:52","date_gmt":"2020-04-23T12:35:52","guid":{"rendered":"https:\/\/blogsaverroes.juntadeandalucia.es\/ieslagranja\/?p=3981"},"modified":"2022-04-28T16:49:30","modified_gmt":"2022-04-28T14:49:30","slug":"dia-del-libro-desde-nuestras-casas","status":"publish","type":"post","link":"https:\/\/blogsaverroes.juntadeandalucia.es\/ieslagranja\/dia-del-libro-desde-nuestras-casas\/","title":{"rendered":"D\u00eda del libro desde nuestras casas"},"content":{"rendered":"<p>Este jueves d\u00eda 23 de abril de 2020 celebramos un D\u00eda del Libro diferente, at\u00edpico, pero no por ello menos ilusionante. A continuaci\u00f3n dejamos los enlaces con los trabajos que se han publicado en el blog de la biblioteca de nuestro centro:<\/p>\n<p><a href=\"http:\/\/ieslagranjabiblioteca.blogspot.com\/2020\/04\/dia-del-libro-2020-lectura-reanudada.html\" target=\"_blank\" rel=\"noopener noreferrer\">&#8211; D\u00cdA DEL LIBRO 2020: LECTURA REANUDADA.<\/a><\/p>\n<p><a href=\"http:\/\/ieslagranjabiblioteca.blogspot.com\/2020\/04\/video-lecturas-desde-el-confinamiento.html\" target=\"_blank\" rel=\"noopener noreferrer\">&#8211; V\u00cdDEO LECTURAS DESDE EL CONFINAMIENTO, DIRECTAS AL CORAZ\u00d3N.<\/a><\/p>\n<p>Os invitamos a todos a visitar los dos enlaces anteriores.&nbsp;Desde aqu\u00ed queremos transmitir nuestras m\u00e1s sinceras felicitaciones a los participantes por el gran trabajo realizado.<\/p>\n","protected":false},"excerpt":{"rendered":"<p>Este jueves d\u00eda 23 de abril de 2020 celebramos un D\u00eda del Libro diferente, at\u00edpico, pero no por ello menos ilusionante. A continuaci\u00f3n dejamos los enlaces con los trabajos que se han publicado en&#46;&#46;&#46;<\/p>\n","protected":false},"author":11116,"featured_media":5619,"comment_status":"closed","ping_status":"closed","sticky":false,"template":"","format":"standard","meta":{"ngg_post_thumbnail":0,"footnotes":""},"categories":[2351674],"tags":[],"aioseo_notices":[],"_links":{"self":[{"href":"https:\/\/blogsaverroes.juntadeandalucia.es\/ieslagranja\/wp-json\/wp\/v2\/posts\/3981"}],"collection":[{"href":"https:\/\/blogsaverroes.juntadeandalucia.es\/ieslagranja\/wp-json\/wp\/v2\/posts"}],"about":[{"href":"https:\/\/blogsaverroes.juntadeandalucia.es\/ieslagranja\/wp-json\/wp\/v2\/types\/post"}],"author":[{"embeddable":true,"href":"https:\/\/blogsaverroes.juntadeandalucia.es\/ieslagranja\/wp-json\/wp\/v2\/users\/11116"}],"replies":[{"embeddable":true,"href":"https:\/\/blogsaverroes.juntadeandalucia.es\/ieslagranja\/wp-json\/wp\/v2\/comments?post=3981"}],"version-history":[{"count":1,"href":"https:\/\/blogsaverroes.juntadeandalucia.es\/ieslagranja\/wp-json\/wp\/v2\/posts\/3981\/revisions"}],"predecessor-version":[{"id":3982,"href":"https:\/\/blogsaverroes.juntadeandalucia.es\/ieslagranja\/wp-json\/wp\/v2\/posts\/3981\/revisions\/3982"}],"wp:featuredmedia":[{"embeddable":true,"href":"https:\/\/blogsaverroes.juntadeandalucia.es\/ieslagranja\/wp-json\/wp\/v2\/media\/5619"}],"wp:attachment":[{"href":"https:\/\/blogsaverroes.juntadeandalucia.es\/ieslagranja\/wp-json\/wp\/v2\/media?parent=3981"}],"wp:term":[{"taxonomy":"category","embeddable":true,"href":"https:\/\/blogsaverroes.juntadeandalucia.es\/ieslagranja\/wp-json\/wp\/v2\/categories?post=3981"},{"taxonomy":"post_tag","embeddable":true,"href":"https:\/\/blogsaverroes.juntadeandalucia.es\/ieslagranja\/wp-json\/wp\/v2\/tags?post=3981"}],"curies":[{"name":"wp","href":"https:\/\/api.w.org\/{rel}","templated":true}]}}