{"id":4903,"date":"2018-02-28T11:54:57","date_gmt":"2018-02-28T09:54:57","guid":{"rendered":"https:\/\/blogsaverroes.juntadeandalucia.es\/ieslagranja\/?p=4903"},"modified":"2022-04-28T19:48:29","modified_gmt":"2022-04-28T17:48:29","slug":"presentacion-del-libro-las-unas-del-leon-en-el-ies-la-granja","status":"publish","type":"post","link":"https:\/\/blogsaverroes.juntadeandalucia.es\/ieslagranja\/presentacion-del-libro-las-unas-del-leon-en-el-ies-la-granja\/","title":{"rendered":"Presentaci\u00f3n del libro \u00abLas U\u00f1as del Le\u00f3n\u00bb en el IES La Granja."},"content":{"rendered":"<p>El pasado martes, 27 de febrero, tuvimos la oportunidad de contar con la visita de un antiguo alumno de nuestro Instituto, D. Jos\u00e9 Mar\u00eda P\u00e9rez G\u00f3mez, que present\u00f3 en el Sal\u00f3n de Usos M\u00faltiples su libro \u00abLas U\u00f1as del Le\u00f3n\u00bb. Durante una hora, sus profesores del Departamento de Imagen y Sonido, a los que dedic\u00f3 unas cari\u00f1osas palabras, y el alumnado, pudieron conocer los entresijos de la historia que el autor nos propone.<\/p>\n<p>Damos la enhorabuena a Jos\u00e9 Mar\u00eda por su obra y le esperamos para la pr\u00f3xima!!<\/p>\n<p style=\"text-align: center\"><a href=\"https:\/\/blogsaverroes.juntadeandalucia.es\/ieslagranja\/files\/2018\/02\/Presentacion-del-Libro-foto.jpg\"><img loading=\"lazy\" decoding=\"async\" class=\"alignnone size-large wp-image-5710\" src=\"https:\/\/blogsaverroes.juntadeandalucia.es\/ieslagranja\/files\/2018\/02\/Presentacion-del-Libro-foto-1024x768.jpg\" alt=\"\" width=\"1024\" height=\"768\" srcset=\"https:\/\/blogsaverroes.juntadeandalucia.es\/ieslagranja\/files\/2018\/02\/Presentacion-del-Libro-foto-1024x768.jpg 1024w, https:\/\/blogsaverroes.juntadeandalucia.es\/ieslagranja\/files\/2018\/02\/Presentacion-del-Libro-foto-300x225.jpg 300w, https:\/\/blogsaverroes.juntadeandalucia.es\/ieslagranja\/files\/2018\/02\/Presentacion-del-Libro-foto-768x576.jpg 768w, https:\/\/blogsaverroes.juntadeandalucia.es\/ieslagranja\/files\/2018\/02\/Presentacion-del-Libro-foto-1536x1152.jpg 1536w, https:\/\/blogsaverroes.juntadeandalucia.es\/ieslagranja\/files\/2018\/02\/Presentacion-del-Libro-foto.jpg 1600w\" sizes=\"(max-width: 1024px) 100vw, 1024px\" \/><\/a><\/p>\n<p>A continuaci\u00f3n, transcribimos algunas palabras del autor en la presentaci\u00f3n.<\/p>\n<p>\u00abPresentar un libro, en el mejor centro de formaci\u00f3n en Medios Audiovisuales de Espa\u00f1a, celebrando el D\u00eda de Andaluc\u00eda&#8230;No tiene precio.<\/p>\n<p>Desde este instituto de La Granja, en Jerez ya han salido algunos referentes, entre ellos: Benito Zambrano, Rodrigo Vargas, Juan Manuel L\u00f3pez&#8230; Hoy han querido contar con mi presencia en un d\u00eda muy especial, confirmando que tampoco he pasado desapercibido&#8230;<\/p>\n<p>Muchas gracias a mis profesores&#8230; a \u00c1ngel Ram\u00edrez, a Paco Zuleta, Jes\u00fas Garc\u00eda Escobedo, Juan Jos\u00e9 Pe\u00f1a, Jorge L\u00f3pez, Juan Bermejo, Manolo Nogales, Paco Calvo, Adoraci\u00f3n Dom\u00ednguez, Lola&#8230;y a tantos otros que me ayudasteis en ser una parte de lo que soy\u00bb.<\/p>\n<p style=\"text-align: center\"><a href=\"https:\/\/blogsaverroes.juntadeandalucia.es\/ieslagranja\/files\/2018\/02\/libro.jpg\"><img loading=\"lazy\" decoding=\"async\" class=\"alignnone size-full wp-image-5709\" src=\"https:\/\/blogsaverroes.juntadeandalucia.es\/ieslagranja\/files\/2018\/02\/libro.jpg\" alt=\"\" width=\"663\" height=\"494\" srcset=\"https:\/\/blogsaverroes.juntadeandalucia.es\/ieslagranja\/files\/2018\/02\/libro.jpg 663w, https:\/\/blogsaverroes.juntadeandalucia.es\/ieslagranja\/files\/2018\/02\/libro-300x224.jpg 300w\" sizes=\"(max-width: 663px) 100vw, 663px\" \/><\/a><\/p>\n<p style=\"text-align: center\">&nbsp;<\/p>\n","protected":false},"excerpt":{"rendered":"<p>El pasado martes, 27 de febrero, tuvimos la oportunidad de contar con la visita de un antiguo alumno de nuestro Instituto, D. Jos\u00e9 Mar\u00eda P\u00e9rez G\u00f3mez, que present\u00f3 en el Sal\u00f3n de Usos M\u00faltiples&#46;&#46;&#46;<\/p>\n","protected":false},"author":11116,"featured_media":5710,"comment_status":"closed","ping_status":"closed","sticky":false,"template":"","format":"standard","meta":{"ngg_post_thumbnail":0,"footnotes":""},"categories":[2351675],"tags":[],"aioseo_notices":[],"_links":{"self":[{"href":"https:\/\/blogsaverroes.juntadeandalucia.es\/ieslagranja\/wp-json\/wp\/v2\/posts\/4903"}],"collection":[{"href":"https:\/\/blogsaverroes.juntadeandalucia.es\/ieslagranja\/wp-json\/wp\/v2\/posts"}],"about":[{"href":"https:\/\/blogsaverroes.juntadeandalucia.es\/ieslagranja\/wp-json\/wp\/v2\/types\/post"}],"author":[{"embeddable":true,"href":"https:\/\/blogsaverroes.juntadeandalucia.es\/ieslagranja\/wp-json\/wp\/v2\/users\/11116"}],"replies":[{"embeddable":true,"href":"https:\/\/blogsaverroes.juntadeandalucia.es\/ieslagranja\/wp-json\/wp\/v2\/comments?post=4903"}],"version-history":[{"count":3,"href":"https:\/\/blogsaverroes.juntadeandalucia.es\/ieslagranja\/wp-json\/wp\/v2\/posts\/4903\/revisions"}],"predecessor-version":[{"id":5712,"href":"https:\/\/blogsaverroes.juntadeandalucia.es\/ieslagranja\/wp-json\/wp\/v2\/posts\/4903\/revisions\/5712"}],"wp:featuredmedia":[{"embeddable":true,"href":"https:\/\/blogsaverroes.juntadeandalucia.es\/ieslagranja\/wp-json\/wp\/v2\/media\/5710"}],"wp:attachment":[{"href":"https:\/\/blogsaverroes.juntadeandalucia.es\/ieslagranja\/wp-json\/wp\/v2\/media?parent=4903"}],"wp:term":[{"taxonomy":"category","embeddable":true,"href":"https:\/\/blogsaverroes.juntadeandalucia.es\/ieslagranja\/wp-json\/wp\/v2\/categories?post=4903"},{"taxonomy":"post_tag","embeddable":true,"href":"https:\/\/blogsaverroes.juntadeandalucia.es\/ieslagranja\/wp-json\/wp\/v2\/tags?post=4903"}],"curies":[{"name":"wp","href":"https:\/\/api.w.org\/{rel}","templated":true}]}}