{"id":5045,"date":"2016-03-06T11:42:53","date_gmt":"2016-03-06T09:42:53","guid":{"rendered":"https:\/\/blogsaverroes.juntadeandalucia.es\/ieslagranja\/?p=5045"},"modified":"2022-04-08T11:05:07","modified_gmt":"2022-04-08T09:05:07","slug":"la-sala-paul-acoge-el-v-certamen-de-cortos-del-instituto-la-granja","status":"publish","type":"post","link":"https:\/\/blogsaverroes.juntadeandalucia.es\/ieslagranja\/la-sala-paul-acoge-el-v-certamen-de-cortos-del-instituto-la-granja\/","title":{"rendered":"LA SALA PA\u00daL ACOGE EL V CERTAMEN DE CORTOS DEL INSTITUTO LA GRANJA"},"content":{"rendered":"<div><strong>GRAN AMBIENTE EN LA SALA PA\u00daL EN EL FESTIVAL DE&nbsp;<\/strong><strong>CORTOS DEL IES LA GRANJA<\/strong><\/div>\n<div>&nbsp;<\/div>\n<div>&nbsp;&nbsp;&nbsp;&nbsp;&nbsp;&nbsp;&nbsp;&nbsp;&nbsp;<\/div>\n<div>El&nbsp;9 de marzo por la ma\u00f1ana, la jerezana Sala Pa\u00fal acogi\u00f3 el V Certamen de Cortos del Instituto La Granja, que tambi\u00e9n&nbsp;coincidi\u00f3 con la Primera Muestra de Fotograf\u00eda de Tema Libre del IES La Granja.<\/div>\n<div>&nbsp;<\/div>\n<div><a href=\"https:\/\/blogsaverroes.juntadeandalucia.es\/ieslagranja\/files\/2016\/03\/Festival-de-cortos-1.jpg\"><img loading=\"lazy\" decoding=\"async\" class=\"alignnone size-full wp-image-5347\" src=\"https:\/\/blogsaverroes.juntadeandalucia.es\/ieslagranja\/files\/2016\/03\/Festival-de-cortos-1.jpg\" alt=\"\" width=\"800\" height=\"593\" srcset=\"https:\/\/blogsaverroes.juntadeandalucia.es\/ieslagranja\/files\/2016\/03\/Festival-de-cortos-1.jpg 800w, https:\/\/blogsaverroes.juntadeandalucia.es\/ieslagranja\/files\/2016\/03\/Festival-de-cortos-1-300x222.jpg 300w, https:\/\/blogsaverroes.juntadeandalucia.es\/ieslagranja\/files\/2016\/03\/Festival-de-cortos-1-768x569.jpg 768w\" sizes=\"(max-width: 800px) 100vw, 800px\" \/><\/a> <a href=\"https:\/\/blogsaverroes.juntadeandalucia.es\/ieslagranja\/files\/2016\/03\/Festival-de-cortos-2.jpg\"><img loading=\"lazy\" decoding=\"async\" class=\"alignnone size-large wp-image-5348\" src=\"https:\/\/blogsaverroes.juntadeandalucia.es\/ieslagranja\/files\/2016\/03\/Festival-de-cortos-2.jpg\" alt=\"\" width=\"800\" height=\"593\" srcset=\"https:\/\/blogsaverroes.juntadeandalucia.es\/ieslagranja\/files\/2016\/03\/Festival-de-cortos-2.jpg 800w, https:\/\/blogsaverroes.juntadeandalucia.es\/ieslagranja\/files\/2016\/03\/Festival-de-cortos-2-300x222.jpg 300w, https:\/\/blogsaverroes.juntadeandalucia.es\/ieslagranja\/files\/2016\/03\/Festival-de-cortos-2-768x569.jpg 768w\" sizes=\"(max-width: 800px) 100vw, 800px\" \/><\/a> <a href=\"https:\/\/blogsaverroes.juntadeandalucia.es\/ieslagranja\/files\/2016\/03\/Festival-de-cortos-3.jpg\"><img loading=\"lazy\" decoding=\"async\" class=\"alignnone size-large wp-image-5349\" src=\"https:\/\/blogsaverroes.juntadeandalucia.es\/ieslagranja\/files\/2016\/03\/Festival-de-cortos-3.jpg\" alt=\"\" width=\"800\" height=\"593\" srcset=\"https:\/\/blogsaverroes.juntadeandalucia.es\/ieslagranja\/files\/2016\/03\/Festival-de-cortos-3.jpg 800w, https:\/\/blogsaverroes.juntadeandalucia.es\/ieslagranja\/files\/2016\/03\/Festival-de-cortos-3-300x222.jpg 300w, https:\/\/blogsaverroes.juntadeandalucia.es\/ieslagranja\/files\/2016\/03\/Festival-de-cortos-3-768x569.jpg 768w\" sizes=\"(max-width: 800px) 100vw, 800px\" \/><\/a> <a href=\"https:\/\/blogsaverroes.juntadeandalucia.es\/ieslagranja\/files\/2016\/03\/Festival-de-cortos-4.jpg\"><img loading=\"lazy\" decoding=\"async\" class=\"alignnone size-large wp-image-5350\" src=\"https:\/\/blogsaverroes.juntadeandalucia.es\/ieslagranja\/files\/2016\/03\/Festival-de-cortos-4.jpg\" alt=\"\" width=\"800\" height=\"593\" srcset=\"https:\/\/blogsaverroes.juntadeandalucia.es\/ieslagranja\/files\/2016\/03\/Festival-de-cortos-4.jpg 800w, https:\/\/blogsaverroes.juntadeandalucia.es\/ieslagranja\/files\/2016\/03\/Festival-de-cortos-4-300x222.jpg 300w, https:\/\/blogsaverroes.juntadeandalucia.es\/ieslagranja\/files\/2016\/03\/Festival-de-cortos-4-768x569.jpg 768w\" sizes=\"(max-width: 800px) 100vw, 800px\" \/><\/a><\/div>\n<div>&nbsp;<\/div>\n<div>Recordamos que una&nbsp;docena de cortos, de tem\u00e1tica social, comedia e intriga, ser\u00e1n proyectados fuera de concurso, en el&nbsp;Shorty Week International Film Festival que se celebrar\u00e1 el 11,12 y 13 de marzo en el Puerto de Santa Mar\u00eda.<\/div>\n<div><strong>&nbsp;<\/strong><\/div>\n<div><strong>&nbsp;\u00a1\u00a1Toda la Comunidad Educativa del IES La Granja os da la enhorabuena por el excelente trabajo realizado y vuestra implicaci\u00f3n personal!!<\/strong><\/div>\n<div>&nbsp;<\/div>\n<div dir=\"ltr\"><a href=\"https:\/\/blogsaverroes.juntadeandalucia.es\/ieslagranja\/files\/2016\/03\/Festival-de-cortos.jpg\"><img loading=\"lazy\" decoding=\"async\" class=\"alignnone size-full wp-image-5352\" src=\"https:\/\/blogsaverroes.juntadeandalucia.es\/ieslagranja\/files\/2016\/03\/Festival-de-cortos.jpg\" alt=\"\" width=\"575\" height=\"814\"><\/a><\/div>\n","protected":false},"excerpt":{"rendered":"<p>GRAN AMBIENTE EN LA SALA PA\u00daL EN EL FESTIVAL DE&nbsp;CORTOS DEL IES LA GRANJA &nbsp; &nbsp;&nbsp;&nbsp;&nbsp;&nbsp;&nbsp;&nbsp;&nbsp;&nbsp; El&nbsp;9 de marzo por la ma\u00f1ana, la jerezana Sala Pa\u00fal acogi\u00f3 el V Certamen de Cortos del Instituto&#46;&#46;&#46;<\/p>\n","protected":false},"author":11116,"featured_media":5354,"comment_status":"closed","ping_status":"closed","sticky":false,"template":"","format":"standard","meta":{"ngg_post_thumbnail":0,"footnotes":""},"categories":[2351677],"tags":[],"aioseo_notices":[],"_links":{"self":[{"href":"https:\/\/blogsaverroes.juntadeandalucia.es\/ieslagranja\/wp-json\/wp\/v2\/posts\/5045"}],"collection":[{"href":"https:\/\/blogsaverroes.juntadeandalucia.es\/ieslagranja\/wp-json\/wp\/v2\/posts"}],"about":[{"href":"https:\/\/blogsaverroes.juntadeandalucia.es\/ieslagranja\/wp-json\/wp\/v2\/types\/post"}],"author":[{"embeddable":true,"href":"https:\/\/blogsaverroes.juntadeandalucia.es\/ieslagranja\/wp-json\/wp\/v2\/users\/11116"}],"replies":[{"embeddable":true,"href":"https:\/\/blogsaverroes.juntadeandalucia.es\/ieslagranja\/wp-json\/wp\/v2\/comments?post=5045"}],"version-history":[{"count":3,"href":"https:\/\/blogsaverroes.juntadeandalucia.es\/ieslagranja\/wp-json\/wp\/v2\/posts\/5045\/revisions"}],"predecessor-version":[{"id":5353,"href":"https:\/\/blogsaverroes.juntadeandalucia.es\/ieslagranja\/wp-json\/wp\/v2\/posts\/5045\/revisions\/5353"}],"wp:featuredmedia":[{"embeddable":true,"href":"https:\/\/blogsaverroes.juntadeandalucia.es\/ieslagranja\/wp-json\/wp\/v2\/media\/5354"}],"wp:attachment":[{"href":"https:\/\/blogsaverroes.juntadeandalucia.es\/ieslagranja\/wp-json\/wp\/v2\/media?parent=5045"}],"wp:term":[{"taxonomy":"category","embeddable":true,"href":"https:\/\/blogsaverroes.juntadeandalucia.es\/ieslagranja\/wp-json\/wp\/v2\/categories?post=5045"},{"taxonomy":"post_tag","embeddable":true,"href":"https:\/\/blogsaverroes.juntadeandalucia.es\/ieslagranja\/wp-json\/wp\/v2\/tags?post=5045"}],"curies":[{"name":"wp","href":"https:\/\/api.w.org\/{rel}","templated":true}]}}