{"id":5066,"date":"2016-02-20T13:26:25","date_gmt":"2016-02-20T11:26:25","guid":{"rendered":"https:\/\/blogsaverroes.juntadeandalucia.es\/ieslagranja\/?p=5066"},"modified":"2022-04-08T11:14:22","modified_gmt":"2022-04-08T09:14:22","slug":"plantacion-de-arboles-en-el-aparcamiento-del-zoobotanico-de-jerez","status":"publish","type":"post","link":"https:\/\/blogsaverroes.juntadeandalucia.es\/ieslagranja\/plantacion-de-arboles-en-el-aparcamiento-del-zoobotanico-de-jerez\/","title":{"rendered":"Plantaci\u00f3n de \u00e1rboles en el aparcamiento del Zoobot\u00e1nico de Jerez"},"content":{"rendered":"<p>Alumnos y alumnas de segundo curso del Ciclo de Jardiner\u00eda y Florister\u00eda han trabajado duro el pasado jueves plantando \u00e1rboles en el aparcamiento del Zoobot\u00e1nico de Jerez.<\/p>\n<p><a title=\"plantaci\u00f3n en el aparcamiento del zoo\" href=\"https:\/\/sway.com\/2h9eo2kVGR7OJjcZ\" target=\"_blank\" rel=\"noopener noreferrer\">\u00a1\u00a1Pulsa este enlace para verlos!!<\/a><\/p>\n","protected":false},"excerpt":{"rendered":"<p>Alumnos y alumnas de segundo curso del Ciclo de Jardiner\u00eda y Florister\u00eda han trabajado duro el pasado jueves plantando \u00e1rboles en el aparcamiento del Zoobot\u00e1nico de Jerez. \u00a1\u00a1Pulsa este enlace para verlos!!<\/p>\n","protected":false},"author":11116,"featured_media":5356,"comment_status":"closed","ping_status":"closed","sticky":false,"template":"","format":"standard","meta":{"ngg_post_thumbnail":0,"footnotes":""},"categories":[2351654,2351677],"tags":[],"aioseo_notices":[],"_links":{"self":[{"href":"https:\/\/blogsaverroes.juntadeandalucia.es\/ieslagranja\/wp-json\/wp\/v2\/posts\/5066"}],"collection":[{"href":"https:\/\/blogsaverroes.juntadeandalucia.es\/ieslagranja\/wp-json\/wp\/v2\/posts"}],"about":[{"href":"https:\/\/blogsaverroes.juntadeandalucia.es\/ieslagranja\/wp-json\/wp\/v2\/types\/post"}],"author":[{"embeddable":true,"href":"https:\/\/blogsaverroes.juntadeandalucia.es\/ieslagranja\/wp-json\/wp\/v2\/users\/11116"}],"replies":[{"embeddable":true,"href":"https:\/\/blogsaverroes.juntadeandalucia.es\/ieslagranja\/wp-json\/wp\/v2\/comments?post=5066"}],"version-history":[{"count":1,"href":"https:\/\/blogsaverroes.juntadeandalucia.es\/ieslagranja\/wp-json\/wp\/v2\/posts\/5066\/revisions"}],"predecessor-version":[{"id":5067,"href":"https:\/\/blogsaverroes.juntadeandalucia.es\/ieslagranja\/wp-json\/wp\/v2\/posts\/5066\/revisions\/5067"}],"wp:featuredmedia":[{"embeddable":true,"href":"https:\/\/blogsaverroes.juntadeandalucia.es\/ieslagranja\/wp-json\/wp\/v2\/media\/5356"}],"wp:attachment":[{"href":"https:\/\/blogsaverroes.juntadeandalucia.es\/ieslagranja\/wp-json\/wp\/v2\/media?parent=5066"}],"wp:term":[{"taxonomy":"category","embeddable":true,"href":"https:\/\/blogsaverroes.juntadeandalucia.es\/ieslagranja\/wp-json\/wp\/v2\/categories?post=5066"},{"taxonomy":"post_tag","embeddable":true,"href":"https:\/\/blogsaverroes.juntadeandalucia.es\/ieslagranja\/wp-json\/wp\/v2\/tags?post=5066"}],"curies":[{"name":"wp","href":"https:\/\/api.w.org\/{rel}","templated":true}]}}