{"id":5941,"date":"2022-05-18T08:53:52","date_gmt":"2022-05-18T06:53:52","guid":{"rendered":"https:\/\/blogsaverroes.juntadeandalucia.es\/ieslagranja\/?p=5941"},"modified":"2022-10-12T22:40:44","modified_gmt":"2022-10-12T20:40:44","slug":"concurso-de-logotipo-ies-la-granja-erasmus","status":"publish","type":"post","link":"https:\/\/blogsaverroes.juntadeandalucia.es\/ieslagranja\/concurso-de-logotipo-ies-la-granja-erasmus\/","title":{"rendered":"Concurso de logotipo IES La Granja-Erasmus+"},"content":{"rendered":"<p style=\"text-align: justify\"><span id=\"page3R_mcid1\" class=\"markedContent\"><span dir=\"ltr\" role=\"presentation\">El IES La Granja, convoca un CONCURSO DE LOGOTIPOS dirigido a profesorado y alumnado con<\/span> <span dir=\"ltr\" role=\"presentation\">el fin de promover la difusi\u00f3n de las actividades Erasmus+ en nuestra comunidad educativa y<\/span> <span dir=\"ltr\" role=\"presentation\">crear una imagen que identifique las movilidades de nuestro centro dentro de estas iniciativas<\/span> <span dir=\"ltr\" role=\"presentation\">de internacionalizaci\u00f3n bajo el slogan:<\/span> <span dir=\"ltr\" role=\"presentation\">\u201c<\/span><span dir=\"ltr\" role=\"presentation\">Vive y siente: learning with Erasmus+<\/span><span dir=\"ltr\" role=\"presentation\">\u201d<\/span><span dir=\"ltr\" role=\"presentation\">.<\/span><\/span><\/p>\n<p style=\"text-align: justify\"><span id=\"page3R_mcid2\" class=\"markedContent\"><\/span><strong><span id=\"page3R_mcid2\" class=\"markedContent\"><span dir=\"ltr\" role=\"presentation\">BASES DEL CONCURSO<\/span><\/span><\/strong><\/p>\n<p style=\"text-align: justify\"><span id=\"page3R_mcid3\" class=\"markedContent\"><strong><span dir=\"ltr\" role=\"presentation\">1. \u00bfQui\u00e9n puede participar?<\/span><\/strong><\/span><span id=\"page3R_mcid4\" class=\"markedContent\"><br role=\"presentation\"><span dir=\"ltr\" role=\"presentation\">Profesorado y alumnado de cualquier nivel: Secundaria y Formaci\u00f3n Profesional.<\/span><\/span><\/p>\n<p style=\"text-align: justify\"><span id=\"page3R_mcid5\" class=\"markedContent\"><\/span><strong><span id=\"page3R_mcid5\" class=\"markedContent\"><span dir=\"ltr\" role=\"presentation\">2 . Plazo de presentaci\u00f3n<\/span><\/span><\/strong><span id=\"page3R_mcid6\" class=\"markedContent\"><br role=\"presentation\"><span dir=\"ltr\" role=\"presentation\">El plazo establecido para la presentaci\u00f3n de los logotipos ser\u00e1 hasta el 20 de junio.<\/span><\/span><\/p>\n<p style=\"text-align: justify\"><span id=\"page3R_mcid7\" class=\"markedContent\"><strong><span dir=\"ltr\" role=\"presentation\">3. Formato de presentaci\u00f3n<\/span><\/strong><\/span><span id=\"page3R_mcid8\" class=\"markedContent\"><br role=\"presentation\"><span dir=\"ltr\" role=\"presentation\">Podr\u00e1 usarse cualquier t\u00e9cnica y soporte. Deber\u00e1n hacerse llegar por correo electr\u00f3nico o<\/span> <span dir=\"ltr\" role=\"presentation\">f\u00edsicamente al DESPACHO DE VICEDIRECCI\u00d3N o al correo lagranjavicedireccion@gmail.com&nbsp;<\/span><\/span><span id=\"page3R_mcid9\" class=\"markedContent\"> <\/span><\/p>\n<p style=\"text-align: justify\"><span id=\"page3R_mcid9\" class=\"markedContent\"><span dir=\"ltr\" role=\"presentation\">Cada participante podr\u00e1 presentar un solo trabajo.<\/span><\/span><\/p>\n<p style=\"text-align: justify\"><span id=\"page3R_mcid10\" class=\"markedContent\"><span dir=\"ltr\" role=\"presentation\">En el asunto del mail<\/span> <span dir=\"ltr\" role=\"presentation\">se indicar\u00e1 el concepto \u201cCONCURSO DE<\/span> <span dir=\"ltr\" role=\"presentation\">LOGOS ERAMUS+ y nombre del<\/span><br role=\"presentation\"><span dir=\"ltr\" role=\"presentation\">autor\/a.<\/span><\/span><\/p>\n<p style=\"text-align: justify\"><span id=\"page3R_mcid11\" class=\"markedContent\"><strong><span dir=\"ltr\" role=\"presentation\">4. Ganadores<\/span><\/strong><\/span><span id=\"page3R_mcid12\" class=\"markedContent\"><br role=\"presentation\"><span dir=\"ltr\" role=\"presentation\">Con todos los trabajos recibidos, el jurado valorar\u00e1 la idoneidad, la t\u00e9cnica, la composici\u00f3n, la<\/span> <span dir=\"ltr\" role=\"presentation\">est\u00e9tica y la creatividad de los trabajos presentados.<\/span><\/span><\/p>\n<p style=\"text-align: justify\"><span id=\"page3R_mcid13\" class=\"markedContent\"><span dir=\"ltr\" role=\"presentation\">Posteriormente se realizar\u00e1 una reproducci\u00f3n digital del logotipo para su uso y difusi\u00f3n.<\/span><\/span><\/p>\n<p style=\"text-align: justify\"><span id=\"page3R_mcid14\" class=\"markedContent\"><span dir=\"ltr\" role=\"presentation\">El jurado resolver\u00e1 cualquier incidencia que pueda producirse y que no haya quedado<\/span><br role=\"presentation\"><span dir=\"ltr\" role=\"presentation\">establecida de forma expl\u00edcita en estas bases. El fallo del jurado ser\u00e1 inapelable y tendr\u00e1 lugar<\/span><br role=\"presentation\"><span dir=\"ltr\" role=\"presentation\">antes del d\u00eda 23 de junio de 2022.<\/span><\/span><\/p>\n<p style=\"text-align: justify\"><span id=\"page3R_mcid15\" class=\"markedContent\"><span dir=\"ltr\" role=\"presentation\">La decisi\u00f3n del jurado se har\u00e1 p\u00fablica en la p\u00e1gina web del IES La Granja.<\/span><\/span><\/p>\n<p style=\"text-align: justify\"><span id=\"page3R_mcid16\" class=\"markedContent\"><span dir=\"ltr\" role=\"presentation\">Todas las obras ser\u00e1n expuestas en el IES La Granja y el ganador\/a ceder\u00e1 los derechos de<\/span><br role=\"presentation\"><span dir=\"ltr\" role=\"presentation\">imagen de forma gratuita e ilimitada para su difusi\u00f3n.<\/span><\/span><\/p>\n<p style=\"text-align: justify\"><span id=\"page3R_mcid17\" class=\"markedContent\"><\/span><span id=\"page3R_mcid17\" class=\"markedContent\"><strong><span dir=\"ltr\" role=\"presentation\">5. Premios del concurso:<\/span><\/strong><\/span><span id=\"page3R_mcid18\" class=\"markedContent\"><br role=\"presentation\"><span dir=\"ltr\" role=\"presentation\">Cheque-regalo por en librer\u00eda o papeler\u00eda por valor de 50 euros.<\/span><\/span><span id=\"page3R_mcid19\" class=\"markedContent\"><\/span><span id=\"page3R_mcid20\" class=\"markedContent\"><\/span><span id=\"page3R_mcid21\" class=\"markedContent\"><\/span><span id=\"page3R_mcid22\" class=\"markedContent\"><\/span><span id=\"page3R_mcid23\" class=\"markedContent\"><\/span><span id=\"page3R_mcid24\" class=\"markedContent\"><\/span><\/p>\n<p style=\"text-align: justify\"><strong><span id=\"page23R_mcid0\" class=\"markedContent\"><span dir=\"ltr\" role=\"presentation\">6. Observaciones<\/span><\/span><\/strong><span id=\"page23R_mcid1\" class=\"markedContent\"><br role=\"presentation\"><strong><span dir=\"ltr\" role=\"presentation\">6.1. Aceptaci\u00f3n de las bases del concurso.<\/span><\/strong><\/span><span id=\"page23R_mcid2\" class=\"markedContent\"><br role=\"presentation\"><span dir=\"ltr\" role=\"presentation\">La participaci\u00f3n en este concurso supone la aceptaci\u00f3n completa de las bases del mismo. Los<\/span> <span dir=\"ltr\" role=\"presentation\">supuestos que se puedan producir y no est\u00e9n contemplados por los organizadores en las bases<\/span> <span dir=\"ltr\" role=\"presentation\">del concurso, quedar\u00e1n a la libre interpretaci\u00f3n de dichos organizadores.<\/span><\/span><\/p>\n<p style=\"text-align: justify\"><span id=\"page23R_mcid3\" class=\"markedContent\"><\/span><span id=\"page23R_mcid3\" class=\"markedContent\"><strong><span dir=\"ltr\" role=\"presentation\">6.2. Protecci\u00f3n de datos y renuncia a los derechos de autor.<\/span><\/strong><\/span><span id=\"page23R_mcid4\" class=\"markedContent\"><br role=\"presentation\"><span dir=\"ltr\" role=\"presentation\">El IES La Granja adquirir\u00e1 la propiedad de todos los trabajos ganadores y tendr\u00e1 derecho al uso <\/span><span dir=\"ltr\" role=\"presentation\">de los mismos como material de difusi\u00f3n, haciendo siempre menci\u00f3n al autor\/a de la obra por<\/span> <span dir=\"ltr\" role=\"presentation\">medio de su nombre y apellidos. La aceptaci\u00f3n de estas bases conlleva la autorizaci\u00f3n para la<\/span> <span dir=\"ltr\" role=\"presentation\">utilizaci\u00f3n gratuita de la fotograf\u00eda en los medios de comunicaci\u00f3n habituales y redes sociales<\/span> <span dir=\"ltr\" role=\"presentation\">del centro educativo. Los datos facilitados ser\u00e1n utilizados con el s\u00f3lo prop\u00f3sito de contactar<\/span> <span dir=\"ltr\" role=\"presentation\">con los ganadores y entregarles los premios obtenidos, quedando sujetos al r\u00e9gimen de<\/span> <span dir=\"ltr\" role=\"presentation\">protecci\u00f3n y derechos establecidos en la LO 15\/1999 de 13 de diciembre, de Protecci\u00f3n de <\/span><span dir=\"ltr\" role=\"presentation\">Datos de Car\u00e1cter Personal.<\/span><\/span><span id=\"page23R_mcid5\" class=\"markedContent\"><\/span><span id=\"page23R_mcid6\" class=\"markedContent\"><\/span><\/p>\n<p style=\"text-align: justify\"><span id=\"page23R_mcid6\" class=\"markedContent\"><br role=\"presentation\"><span dir=\"ltr\" role=\"presentation\">Jerez de la Frontera, mayo de 2022.<\/span><\/span><\/p>\n","protected":false},"excerpt":{"rendered":"<p>El IES La Granja, convoca un CONCURSO DE LOGOTIPOS dirigido a profesorado y alumnado con el fin de promover la difusi\u00f3n de las actividades Erasmus+ en nuestra comunidad educativa y crear una imagen que&#46;&#46;&#46;<\/p>\n","protected":false},"author":11116,"featured_media":6396,"comment_status":"closed","ping_status":"closed","sticky":false,"template":"","format":"standard","meta":{"ngg_post_thumbnail":0,"footnotes":""},"categories":[2351653],"tags":[],"aioseo_notices":[],"_links":{"self":[{"href":"https:\/\/blogsaverroes.juntadeandalucia.es\/ieslagranja\/wp-json\/wp\/v2\/posts\/5941"}],"collection":[{"href":"https:\/\/blogsaverroes.juntadeandalucia.es\/ieslagranja\/wp-json\/wp\/v2\/posts"}],"about":[{"href":"https:\/\/blogsaverroes.juntadeandalucia.es\/ieslagranja\/wp-json\/wp\/v2\/types\/post"}],"author":[{"embeddable":true,"href":"https:\/\/blogsaverroes.juntadeandalucia.es\/ieslagranja\/wp-json\/wp\/v2\/users\/11116"}],"replies":[{"embeddable":true,"href":"https:\/\/blogsaverroes.juntadeandalucia.es\/ieslagranja\/wp-json\/wp\/v2\/comments?post=5941"}],"version-history":[{"count":1,"href":"https:\/\/blogsaverroes.juntadeandalucia.es\/ieslagranja\/wp-json\/wp\/v2\/posts\/5941\/revisions"}],"predecessor-version":[{"id":5942,"href":"https:\/\/blogsaverroes.juntadeandalucia.es\/ieslagranja\/wp-json\/wp\/v2\/posts\/5941\/revisions\/5942"}],"wp:featuredmedia":[{"embeddable":true,"href":"https:\/\/blogsaverroes.juntadeandalucia.es\/ieslagranja\/wp-json\/wp\/v2\/media\/6396"}],"wp:attachment":[{"href":"https:\/\/blogsaverroes.juntadeandalucia.es\/ieslagranja\/wp-json\/wp\/v2\/media?parent=5941"}],"wp:term":[{"taxonomy":"category","embeddable":true,"href":"https:\/\/blogsaverroes.juntadeandalucia.es\/ieslagranja\/wp-json\/wp\/v2\/categories?post=5941"},{"taxonomy":"post_tag","embeddable":true,"href":"https:\/\/blogsaverroes.juntadeandalucia.es\/ieslagranja\/wp-json\/wp\/v2\/tags?post=5941"}],"curies":[{"name":"wp","href":"https:\/\/api.w.org\/{rel}","templated":true}]}}