{"id":5943,"date":"2022-05-18T09:05:06","date_gmt":"2022-05-18T07:05:06","guid":{"rendered":"https:\/\/blogsaverroes.juntadeandalucia.es\/ieslagranja\/?p=5943"},"modified":"2022-06-01T10:51:47","modified_gmt":"2022-06-01T08:51:47","slug":"victoria-clavijo-recibe-el-premio-del-sepie-por-el-concurso-europass-en-el-ies-la-granja","status":"publish","type":"post","link":"https:\/\/blogsaverroes.juntadeandalucia.es\/ieslagranja\/victoria-clavijo-recibe-el-premio-del-sepie-por-el-concurso-europass-en-el-ies-la-granja\/","title":{"rendered":"Victoria Clavijo recibe el premio del SEPIE por el concurso Europass en el  IES LA GRANJA"},"content":{"rendered":"<p style=\"text-align: justify\">La alumna Victoria Clavijo recibe el premio del SEPIE por el concurso Europass en el IES LA GRANJA. Un completo lote de productos para viajar. Su participaci\u00f3n entre los 101 trabajos presentados en toda Espa\u00f1a fue uno de los temas tratados en <a href=\"https:\/\/blogsaverroes.juntadeandalucia.es\/ieslagranja\/files\/2022\/05\/newsletters.pdf\">las Newslatter del SEPIE<\/a>.<\/p>\n<p style=\"text-align: justify\">Esta semana participar\u00e1 en el programa de radio Caf\u00e9 Viajero del Sepie junto a las profesoras coordinadoras de la actividad y de los programas Erasmus+ del centro: Eva Lozano y Laura Ortega. El \u201cCaf\u00e9 viajero Erasmus+\u201d surge como iniciativa para poder compartir diferentes experiencias, testimonios y buenas pr\u00e1cticas del programa Erasmus+ de la Uni\u00f3n Europea. De este modo, desde el \u00c1rea de Comunicaci\u00f3n de la Agencia Nacional SEPIE, quieren establecer una relaci\u00f3n m\u00e1s cercana con beneficiarios y participantes en Erasmus+, dando voz a los protagonistas en proyectos y movilidades.<\/p>\n<p style=\"text-align: justify\"><a href=\"https:\/\/blogsaverroes.juntadeandalucia.es\/ieslagranja\/files\/2022\/05\/\u00edndice.jpg\"><img loading=\"lazy\" decoding=\"async\" class=\"size-large wp-image-5946 aligncenter\" src=\"https:\/\/blogsaverroes.juntadeandalucia.es\/ieslagranja\/files\/2022\/05\/\u00edndice-768x1024.jpg\" alt=\"\" width=\"768\" height=\"1024\" srcset=\"https:\/\/blogsaverroes.juntadeandalucia.es\/ieslagranja\/files\/2022\/05\/\u00edndice-768x1024.jpg 768w, https:\/\/blogsaverroes.juntadeandalucia.es\/ieslagranja\/files\/2022\/05\/\u00edndice-225x300.jpg 225w, https:\/\/blogsaverroes.juntadeandalucia.es\/ieslagranja\/files\/2022\/05\/\u00edndice-1152x1536.jpg 1152w, https:\/\/blogsaverroes.juntadeandalucia.es\/ieslagranja\/files\/2022\/05\/\u00edndice.jpg 1200w\" sizes=\"(max-width: 768px) 100vw, 768px\" \/><\/a><\/p>\n","protected":false},"excerpt":{"rendered":"<p>La alumna Victoria Clavijo recibe el premio del SEPIE por el concurso Europass en el IES LA GRANJA. Un completo lote de productos para viajar. Su participaci\u00f3n entre los 101 trabajos presentados en toda&#46;&#46;&#46;<\/p>\n","protected":false},"author":11116,"featured_media":5945,"comment_status":"closed","ping_status":"closed","sticky":false,"template":"","format":"standard","meta":{"ngg_post_thumbnail":0,"footnotes":""},"categories":[2351653,2351672],"tags":[],"aioseo_notices":[],"_links":{"self":[{"href":"https:\/\/blogsaverroes.juntadeandalucia.es\/ieslagranja\/wp-json\/wp\/v2\/posts\/5943"}],"collection":[{"href":"https:\/\/blogsaverroes.juntadeandalucia.es\/ieslagranja\/wp-json\/wp\/v2\/posts"}],"about":[{"href":"https:\/\/blogsaverroes.juntadeandalucia.es\/ieslagranja\/wp-json\/wp\/v2\/types\/post"}],"author":[{"embeddable":true,"href":"https:\/\/blogsaverroes.juntadeandalucia.es\/ieslagranja\/wp-json\/wp\/v2\/users\/11116"}],"replies":[{"embeddable":true,"href":"https:\/\/blogsaverroes.juntadeandalucia.es\/ieslagranja\/wp-json\/wp\/v2\/comments?post=5943"}],"version-history":[{"count":1,"href":"https:\/\/blogsaverroes.juntadeandalucia.es\/ieslagranja\/wp-json\/wp\/v2\/posts\/5943\/revisions"}],"predecessor-version":[{"id":5947,"href":"https:\/\/blogsaverroes.juntadeandalucia.es\/ieslagranja\/wp-json\/wp\/v2\/posts\/5943\/revisions\/5947"}],"wp:featuredmedia":[{"embeddable":true,"href":"https:\/\/blogsaverroes.juntadeandalucia.es\/ieslagranja\/wp-json\/wp\/v2\/media\/5945"}],"wp:attachment":[{"href":"https:\/\/blogsaverroes.juntadeandalucia.es\/ieslagranja\/wp-json\/wp\/v2\/media?parent=5943"}],"wp:term":[{"taxonomy":"category","embeddable":true,"href":"https:\/\/blogsaverroes.juntadeandalucia.es\/ieslagranja\/wp-json\/wp\/v2\/categories?post=5943"},{"taxonomy":"post_tag","embeddable":true,"href":"https:\/\/blogsaverroes.juntadeandalucia.es\/ieslagranja\/wp-json\/wp\/v2\/tags?post=5943"}],"curies":[{"name":"wp","href":"https:\/\/api.w.org\/{rel}","templated":true}]}}