{"id":7716,"date":"2023-03-03T12:15:56","date_gmt":"2023-03-03T10:15:56","guid":{"rendered":"https:\/\/blogsaverroes.juntadeandalucia.es\/ieslagranja\/?p=7716"},"modified":"2023-05-16T18:17:05","modified_gmt":"2023-05-16T16:17:05","slug":"acredita-2022-descarga-planes-de-formacion","status":"publish","type":"post","link":"https:\/\/blogsaverroes.juntadeandalucia.es\/ieslagranja\/acredita-2022-descarga-planes-de-formacion\/","title":{"rendered":"Acredita 2022: Descarga Planes de Formaci\u00f3n"},"content":{"rendered":"<p>Est\u00e1 disponible en <a href=\"https:\/\/www.juntadeandalucia.es\/educacion\/portals\/web\/iacp\/detalle\/-\/contenidos\/detalle\/acredita-2022-convocatoria-abierta\">la web el enlace para la descarga<\/a> de planes de formaci\u00f3n de la primera y segunda edici\u00f3n de Acredita 2022:<\/p>\n<p><a href=\"https:\/\/blogsaverroes.juntadeandalucia.es\/ieslagranja\/files\/2021\/11\/Logo-PRTR-tres-lineas_COLOR.png\"><img loading=\"lazy\" decoding=\"async\" class=\"alignnone size-large wp-image-4222\" src=\"https:\/\/blogsaverroes.juntadeandalucia.es\/ieslagranja\/files\/2021\/11\/Logo-PRTR-tres-lineas_COLOR-1024x576.png\" alt=\"\" width=\"1024\" height=\"576\" srcset=\"https:\/\/blogsaverroes.juntadeandalucia.es\/ieslagranja\/files\/2021\/11\/Logo-PRTR-tres-lineas_COLOR-1024x576.png 1024w, https:\/\/blogsaverroes.juntadeandalucia.es\/ieslagranja\/files\/2021\/11\/Logo-PRTR-tres-lineas_COLOR-300x169.png 300w, https:\/\/blogsaverroes.juntadeandalucia.es\/ieslagranja\/files\/2021\/11\/Logo-PRTR-tres-lineas_COLOR-768x432.png 768w, https:\/\/blogsaverroes.juntadeandalucia.es\/ieslagranja\/files\/2021\/11\/Logo-PRTR-tres-lineas_COLOR-1536x864.png 1536w, https:\/\/blogsaverroes.juntadeandalucia.es\/ieslagranja\/files\/2021\/11\/Logo-PRTR-tres-lineas_COLOR.png 1600w\" sizes=\"(max-width: 1024px) 100vw, 1024px\" \/><\/a> <a href=\"https:\/\/blogsaverroes.juntadeandalucia.es\/ieslagranja\/files\/2021\/11\/MEFPsinFSE.png\"><img loading=\"lazy\" decoding=\"async\" class=\"alignnone size-large wp-image-4221\" src=\"https:\/\/blogsaverroes.juntadeandalucia.es\/ieslagranja\/files\/2021\/11\/MEFPsinFSE-1024x272.png\" alt=\"\" width=\"1024\" height=\"272\" srcset=\"https:\/\/blogsaverroes.juntadeandalucia.es\/ieslagranja\/files\/2021\/11\/MEFPsinFSE-1024x272.png 1024w, https:\/\/blogsaverroes.juntadeandalucia.es\/ieslagranja\/files\/2021\/11\/MEFPsinFSE-300x80.png 300w, https:\/\/blogsaverroes.juntadeandalucia.es\/ieslagranja\/files\/2021\/11\/MEFPsinFSE-768x204.png 768w, https:\/\/blogsaverroes.juntadeandalucia.es\/ieslagranja\/files\/2021\/11\/MEFPsinFSE.png 1277w\" sizes=\"(max-width: 1024px) 100vw, 1024px\" \/><\/a> <a href=\"https:\/\/blogsaverroes.juntadeandalucia.es\/ieslagranja\/files\/2021\/11\/ES-Financiado-por-la-Uni\u00f3n-Europea_POS-1.png\"><img loading=\"lazy\" decoding=\"async\" class=\"alignnone size-large wp-image-4220\" src=\"https:\/\/blogsaverroes.juntadeandalucia.es\/ieslagranja\/files\/2021\/11\/ES-Financiado-por-la-Uni\u00f3n-Europea_POS-1-1024x301.png\" alt=\"\" width=\"1024\" height=\"301\" srcset=\"https:\/\/blogsaverroes.juntadeandalucia.es\/ieslagranja\/files\/2021\/11\/ES-Financiado-por-la-Uni\u00f3n-Europea_POS-1-1024x301.png 1024w, https:\/\/blogsaverroes.juntadeandalucia.es\/ieslagranja\/files\/2021\/11\/ES-Financiado-por-la-Uni\u00f3n-Europea_POS-1-300x88.png 300w, https:\/\/blogsaverroes.juntadeandalucia.es\/ieslagranja\/files\/2021\/11\/ES-Financiado-por-la-Uni\u00f3n-Europea_POS-1-768x225.png 768w, https:\/\/blogsaverroes.juntadeandalucia.es\/ieslagranja\/files\/2021\/11\/ES-Financiado-por-la-Uni\u00f3n-Europea_POS-1-1536x451.png 1536w, https:\/\/blogsaverroes.juntadeandalucia.es\/ieslagranja\/files\/2021\/11\/ES-Financiado-por-la-Uni\u00f3n-Europea_POS-1-2048x601.png 2048w, https:\/\/blogsaverroes.juntadeandalucia.es\/ieslagranja\/files\/2021\/11\/ES-Financiado-por-la-Uni\u00f3n-Europea_POS-1.png 1600w\" sizes=\"(max-width: 1024px) 100vw, 1024px\" \/><\/a><\/p>\n<p>&nbsp;<\/p>\n","protected":false},"excerpt":{"rendered":"<p>Est\u00e1 disponible en la web el enlace para la descarga de planes de formaci\u00f3n de la primera y segunda edici\u00f3n de Acredita 2022: &nbsp;<\/p>\n","protected":false},"author":11116,"featured_media":5926,"comment_status":"closed","ping_status":"closed","sticky":false,"template":"","format":"standard","meta":{"ngg_post_thumbnail":0,"footnotes":""},"categories":[2351687,2351684],"tags":[],"aioseo_notices":[],"_links":{"self":[{"href":"https:\/\/blogsaverroes.juntadeandalucia.es\/ieslagranja\/wp-json\/wp\/v2\/posts\/7716"}],"collection":[{"href":"https:\/\/blogsaverroes.juntadeandalucia.es\/ieslagranja\/wp-json\/wp\/v2\/posts"}],"about":[{"href":"https:\/\/blogsaverroes.juntadeandalucia.es\/ieslagranja\/wp-json\/wp\/v2\/types\/post"}],"author":[{"embeddable":true,"href":"https:\/\/blogsaverroes.juntadeandalucia.es\/ieslagranja\/wp-json\/wp\/v2\/users\/11116"}],"replies":[{"embeddable":true,"href":"https:\/\/blogsaverroes.juntadeandalucia.es\/ieslagranja\/wp-json\/wp\/v2\/comments?post=7716"}],"version-history":[{"count":3,"href":"https:\/\/blogsaverroes.juntadeandalucia.es\/ieslagranja\/wp-json\/wp\/v2\/posts\/7716\/revisions"}],"predecessor-version":[{"id":7719,"href":"https:\/\/blogsaverroes.juntadeandalucia.es\/ieslagranja\/wp-json\/wp\/v2\/posts\/7716\/revisions\/7719"}],"wp:featuredmedia":[{"embeddable":true,"href":"https:\/\/blogsaverroes.juntadeandalucia.es\/ieslagranja\/wp-json\/wp\/v2\/media\/5926"}],"wp:attachment":[{"href":"https:\/\/blogsaverroes.juntadeandalucia.es\/ieslagranja\/wp-json\/wp\/v2\/media?parent=7716"}],"wp:term":[{"taxonomy":"category","embeddable":true,"href":"https:\/\/blogsaverroes.juntadeandalucia.es\/ieslagranja\/wp-json\/wp\/v2\/categories?post=7716"},{"taxonomy":"post_tag","embeddable":true,"href":"https:\/\/blogsaverroes.juntadeandalucia.es\/ieslagranja\/wp-json\/wp\/v2\/tags?post=7716"}],"curies":[{"name":"wp","href":"https:\/\/api.w.org\/{rel}","templated":true}]}}