{"id":8324,"date":"2023-05-26T11:08:46","date_gmt":"2023-05-26T09:08:46","guid":{"rendered":"https:\/\/blogsaverroes.juntadeandalucia.es\/ieslagranja\/?p=8324"},"modified":"2023-05-26T11:15:17","modified_gmt":"2023-05-26T09:15:17","slug":"erasmus-practicas-en-praga","status":"publish","type":"post","link":"https:\/\/blogsaverroes.juntadeandalucia.es\/ieslagranja\/erasmus-practicas-en-praga\/","title":{"rendered":"Erasmus+: Pr\u00e1cticas en Praga"},"content":{"rendered":"<p style=\"text-align: justify\">Marta G\u00f3mez Ferrer, es una de los 12 alumnos que en marzo salieron para diferentes destinos ( Praga,Bulgaria e Italia) para realizar una estancia formativa en una empresa de su sector profesional dentro del programa Erasmus+. Ella es estudiante de segundo curso de Laboratorio Cl\u00ednico y Biom\u00e9dico y ha estado haciendo pr\u00e1cticas en Praga. &nbsp;<\/p>\n<p style=\"text-align: center\"><iframe loading=\"lazy\" src=\"https:\/\/www.youtube.com\/embed\/OZxmdWLlR0U\" width=\"560\" height=\"315\" frameborder=\"0\"><\/iframe>&nbsp;<\/p>\n<p><a href=\"https:\/\/blogsaverroes.juntadeandalucia.es\/ieslagranja\/files\/2022\/06\/erasmus-cofinanciado-texto.jpg\"><img loading=\"lazy\" decoding=\"async\" class=\"alignnone size-full wp-image-6399\" src=\"https:\/\/blogsaverroes.juntadeandalucia.es\/ieslagranja\/files\/2022\/06\/erasmus-cofinanciado-texto.jpg\" alt=\"\" width=\"708\" height=\"150\" srcset=\"https:\/\/blogsaverroes.juntadeandalucia.es\/ieslagranja\/files\/2022\/06\/erasmus-cofinanciado-texto.jpg 708w, https:\/\/blogsaverroes.juntadeandalucia.es\/ieslagranja\/files\/2022\/06\/erasmus-cofinanciado-texto-300x64.jpg 300w\" sizes=\"(max-width: 708px) 100vw, 708px\" \/><\/a> <a href=\"https:\/\/blogsaverroes.juntadeandalucia.es\/ieslagranja\/files\/2022\/06\/erasmus-confinanciado2.png\"><img loading=\"lazy\" decoding=\"async\" class=\"alignnone size-large wp-image-6396\" src=\"https:\/\/blogsaverroes.juntadeandalucia.es\/ieslagranja\/files\/2022\/06\/erasmus-confinanciado2-1024x640.png\" alt=\"\" width=\"1024\" height=\"640\" srcset=\"https:\/\/blogsaverroes.juntadeandalucia.es\/ieslagranja\/files\/2022\/06\/erasmus-confinanciado2-1024x640.png 1024w, https:\/\/blogsaverroes.juntadeandalucia.es\/ieslagranja\/files\/2022\/06\/erasmus-confinanciado2-300x188.png 300w, https:\/\/blogsaverroes.juntadeandalucia.es\/ieslagranja\/files\/2022\/06\/erasmus-confinanciado2-768x480.png 768w, https:\/\/blogsaverroes.juntadeandalucia.es\/ieslagranja\/files\/2022\/06\/erasmus-confinanciado2-1536x960.png 1536w, https:\/\/blogsaverroes.juntadeandalucia.es\/ieslagranja\/files\/2022\/06\/erasmus-confinanciado2.png 1600w\" sizes=\"(max-width: 1024px) 100vw, 1024px\" \/><\/a><\/p>\n","protected":false},"excerpt":{"rendered":"<p>Marta G\u00f3mez Ferrer, es una de los 12 alumnos que en marzo salieron para diferentes destinos ( Praga,Bulgaria e Italia) para realizar una estancia formativa en una empresa de su sector profesional dentro del&#46;&#46;&#46;<\/p>\n","protected":false},"author":11116,"featured_media":8326,"comment_status":"closed","ping_status":"closed","sticky":false,"template":"","format":"standard","meta":{"ngg_post_thumbnail":0,"footnotes":""},"categories":[2351653,2351685],"tags":[],"aioseo_notices":[],"_links":{"self":[{"href":"https:\/\/blogsaverroes.juntadeandalucia.es\/ieslagranja\/wp-json\/wp\/v2\/posts\/8324"}],"collection":[{"href":"https:\/\/blogsaverroes.juntadeandalucia.es\/ieslagranja\/wp-json\/wp\/v2\/posts"}],"about":[{"href":"https:\/\/blogsaverroes.juntadeandalucia.es\/ieslagranja\/wp-json\/wp\/v2\/types\/post"}],"author":[{"embeddable":true,"href":"https:\/\/blogsaverroes.juntadeandalucia.es\/ieslagranja\/wp-json\/wp\/v2\/users\/11116"}],"replies":[{"embeddable":true,"href":"https:\/\/blogsaverroes.juntadeandalucia.es\/ieslagranja\/wp-json\/wp\/v2\/comments?post=8324"}],"version-history":[{"count":4,"href":"https:\/\/blogsaverroes.juntadeandalucia.es\/ieslagranja\/wp-json\/wp\/v2\/posts\/8324\/revisions"}],"predecessor-version":[{"id":8329,"href":"https:\/\/blogsaverroes.juntadeandalucia.es\/ieslagranja\/wp-json\/wp\/v2\/posts\/8324\/revisions\/8329"}],"wp:featuredmedia":[{"embeddable":true,"href":"https:\/\/blogsaverroes.juntadeandalucia.es\/ieslagranja\/wp-json\/wp\/v2\/media\/8326"}],"wp:attachment":[{"href":"https:\/\/blogsaverroes.juntadeandalucia.es\/ieslagranja\/wp-json\/wp\/v2\/media?parent=8324"}],"wp:term":[{"taxonomy":"category","embeddable":true,"href":"https:\/\/blogsaverroes.juntadeandalucia.es\/ieslagranja\/wp-json\/wp\/v2\/categories?post=8324"},{"taxonomy":"post_tag","embeddable":true,"href":"https:\/\/blogsaverroes.juntadeandalucia.es\/ieslagranja\/wp-json\/wp\/v2\/tags?post=8324"}],"curies":[{"name":"wp","href":"https:\/\/api.w.org\/{rel}","templated":true}]}}