{"id":8386,"date":"2023-06-08T13:36:45","date_gmt":"2023-06-08T11:36:45","guid":{"rendered":"https:\/\/blogsaverroes.juntadeandalucia.es\/ieslagranja\/?p=8386"},"modified":"2023-06-13T11:02:34","modified_gmt":"2023-06-13T09:02:34","slug":"8386-2","status":"publish","type":"post","link":"https:\/\/blogsaverroes.juntadeandalucia.es\/ieslagranja\/8386-2\/","title":{"rendered":"M\u00e1s noticias de Job Shadowing en Abruzo (Italia)"},"content":{"rendered":"<p style=\"text-align: justify\">Diferentes empresas del sector de Imagen y Sonido y centros educativos de Estudios Art\u00edsticos han servido de formaci\u00f3n para las profesoras del centro, que van a poner en pr\u00e1ctica todo lo aprendido el pr\u00f3ximo curso con cambios en su metodolog\u00eda tras este periodo de observaci\u00f3n.<\/p>\n<p style=\"text-align: justify\">Durante esta movilidad tambi\u00e9n han visitado la empresa donde dos alumnos del centro han realizado este a\u00f1o sus pr\u00e1cticas.<\/p>\n<p style=\"text-align: center\"><iframe loading=\"lazy\" src=\"https:\/\/www.youtube.com\/embed\/T7ow9E34pMw\" width=\"560\" height=\"315\" frameborder=\"0\"><\/iframe>&nbsp;<\/p>\n<p><img loading=\"lazy\" decoding=\"async\" class=\"size-full wp-image-8387 aligncenter\" src=\"https:\/\/blogsaverroes.juntadeandalucia.es\/ieslagranja\/files\/2023\/06\/er1.jpg\" alt=\"\" width=\"768\" height=\"1024\" srcset=\"https:\/\/blogsaverroes.juntadeandalucia.es\/ieslagranja\/files\/2023\/06\/er1.jpg 768w, https:\/\/blogsaverroes.juntadeandalucia.es\/ieslagranja\/files\/2023\/06\/er1-225x300.jpg 225w\" sizes=\"(max-width: 768px) 100vw, 768px\" \/><\/p>\n<p><a href=\"https:\/\/blogsaverroes.juntadeandalucia.es\/ieslagranja\/files\/2023\/06\/er2.jpg\"><img loading=\"lazy\" decoding=\"async\" class=\"size-large wp-image-8388 aligncenter\" src=\"https:\/\/blogsaverroes.juntadeandalucia.es\/ieslagranja\/files\/2023\/06\/er2.jpg\" alt=\"\" width=\"768\" height=\"1024\" srcset=\"https:\/\/blogsaverroes.juntadeandalucia.es\/ieslagranja\/files\/2023\/06\/er2.jpg 768w, https:\/\/blogsaverroes.juntadeandalucia.es\/ieslagranja\/files\/2023\/06\/er2-225x300.jpg 225w\" sizes=\"(max-width: 768px) 100vw, 768px\" \/><\/a><\/p>\n<p><a href=\"https:\/\/blogsaverroes.juntadeandalucia.es\/ieslagranja\/files\/2023\/06\/er3.jpg\"><img loading=\"lazy\" decoding=\"async\" class=\"alignnone size-large wp-image-8389\" src=\"https:\/\/blogsaverroes.juntadeandalucia.es\/ieslagranja\/files\/2023\/06\/er3.jpg\" alt=\"\" width=\"1024\" height=\"768\" srcset=\"https:\/\/blogsaverroes.juntadeandalucia.es\/ieslagranja\/files\/2023\/06\/er3.jpg 1024w, https:\/\/blogsaverroes.juntadeandalucia.es\/ieslagranja\/files\/2023\/06\/er3-300x225.jpg 300w, https:\/\/blogsaverroes.juntadeandalucia.es\/ieslagranja\/files\/2023\/06\/er3-768x576.jpg 768w\" sizes=\"(max-width: 1024px) 100vw, 1024px\" \/><\/a> <a href=\"https:\/\/blogsaverroes.juntadeandalucia.es\/ieslagranja\/files\/2023\/06\/er4.jpg\"><img loading=\"lazy\" decoding=\"async\" class=\"size-large wp-image-8390 aligncenter\" src=\"https:\/\/blogsaverroes.juntadeandalucia.es\/ieslagranja\/files\/2023\/06\/er4.jpg\" alt=\"\" width=\"768\" height=\"1024\" srcset=\"https:\/\/blogsaverroes.juntadeandalucia.es\/ieslagranja\/files\/2023\/06\/er4.jpg 768w, https:\/\/blogsaverroes.juntadeandalucia.es\/ieslagranja\/files\/2023\/06\/er4-225x300.jpg 225w\" sizes=\"(max-width: 768px) 100vw, 768px\" \/><\/a> <a href=\"https:\/\/blogsaverroes.juntadeandalucia.es\/ieslagranja\/files\/2023\/06\/er5.jpg\"><img loading=\"lazy\" decoding=\"async\" class=\"alignnone size-large wp-image-8391\" src=\"https:\/\/blogsaverroes.juntadeandalucia.es\/ieslagranja\/files\/2023\/06\/er5.jpg\" alt=\"\" width=\"1024\" height=\"309\" srcset=\"https:\/\/blogsaverroes.juntadeandalucia.es\/ieslagranja\/files\/2023\/06\/er5.jpg 1024w, https:\/\/blogsaverroes.juntadeandalucia.es\/ieslagranja\/files\/2023\/06\/er5-300x91.jpg 300w, https:\/\/blogsaverroes.juntadeandalucia.es\/ieslagranja\/files\/2023\/06\/er5-768x232.jpg 768w\" sizes=\"(max-width: 1024px) 100vw, 1024px\" \/><\/a> <a href=\"https:\/\/blogsaverroes.juntadeandalucia.es\/ieslagranja\/files\/2023\/06\/er6.jpg\"><img loading=\"lazy\" decoding=\"async\" class=\"size-large wp-image-8392 aligncenter\" src=\"https:\/\/blogsaverroes.juntadeandalucia.es\/ieslagranja\/files\/2023\/06\/er6.jpg\" alt=\"\" width=\"768\" height=\"1024\" srcset=\"https:\/\/blogsaverroes.juntadeandalucia.es\/ieslagranja\/files\/2023\/06\/er6.jpg 768w, https:\/\/blogsaverroes.juntadeandalucia.es\/ieslagranja\/files\/2023\/06\/er6-225x300.jpg 225w\" sizes=\"(max-width: 768px) 100vw, 768px\" \/><\/a> <a href=\"https:\/\/blogsaverroes.juntadeandalucia.es\/ieslagranja\/files\/2023\/06\/er7.jpg\"><img loading=\"lazy\" decoding=\"async\" class=\"size-large wp-image-8393 aligncenter\" src=\"https:\/\/blogsaverroes.juntadeandalucia.es\/ieslagranja\/files\/2023\/06\/er7.jpg\" alt=\"\" width=\"768\" height=\"1024\" srcset=\"https:\/\/blogsaverroes.juntadeandalucia.es\/ieslagranja\/files\/2023\/06\/er7.jpg 768w, https:\/\/blogsaverroes.juntadeandalucia.es\/ieslagranja\/files\/2023\/06\/er7-225x300.jpg 225w\" sizes=\"(max-width: 768px) 100vw, 768px\" \/><\/a> <a href=\"https:\/\/blogsaverroes.juntadeandalucia.es\/ieslagranja\/files\/2023\/06\/er8.jpg\"><img loading=\"lazy\" decoding=\"async\" class=\"size-large wp-image-8394 aligncenter\" src=\"https:\/\/blogsaverroes.juntadeandalucia.es\/ieslagranja\/files\/2023\/06\/er8-1024x1024.jpg\" alt=\"\" width=\"1024\" height=\"1024\" srcset=\"https:\/\/blogsaverroes.juntadeandalucia.es\/ieslagranja\/files\/2023\/06\/er8.jpg 1024w, https:\/\/blogsaverroes.juntadeandalucia.es\/ieslagranja\/files\/2023\/06\/er8-300x300.jpg 300w, https:\/\/blogsaverroes.juntadeandalucia.es\/ieslagranja\/files\/2023\/06\/er8-150x150.jpg 150w, https:\/\/blogsaverroes.juntadeandalucia.es\/ieslagranja\/files\/2023\/06\/er8-768x768.jpg 768w, https:\/\/blogsaverroes.juntadeandalucia.es\/ieslagranja\/files\/2023\/06\/er8-80x80.jpg 80w, https:\/\/blogsaverroes.juntadeandalucia.es\/ieslagranja\/files\/2023\/06\/er8-320x320.jpg 320w\" sizes=\"(max-width: 1024px) 100vw, 1024px\" \/><\/a> <a href=\"https:\/\/blogsaverroes.juntadeandalucia.es\/ieslagranja\/files\/2023\/06\/er9.jpg\"><img loading=\"lazy\" decoding=\"async\" class=\"size-large wp-image-8395 aligncenter\" src=\"https:\/\/blogsaverroes.juntadeandalucia.es\/ieslagranja\/files\/2023\/06\/er9-1024x1024.jpg\" alt=\"\" width=\"1024\" height=\"1024\" srcset=\"https:\/\/blogsaverroes.juntadeandalucia.es\/ieslagranja\/files\/2023\/06\/er9.jpg 1024w, https:\/\/blogsaverroes.juntadeandalucia.es\/ieslagranja\/files\/2023\/06\/er9-300x300.jpg 300w, https:\/\/blogsaverroes.juntadeandalucia.es\/ieslagranja\/files\/2023\/06\/er9-150x150.jpg 150w, https:\/\/blogsaverroes.juntadeandalucia.es\/ieslagranja\/files\/2023\/06\/er9-768x768.jpg 768w, https:\/\/blogsaverroes.juntadeandalucia.es\/ieslagranja\/files\/2023\/06\/er9-80x80.jpg 80w, https:\/\/blogsaverroes.juntadeandalucia.es\/ieslagranja\/files\/2023\/06\/er9-320x320.jpg 320w\" sizes=\"(max-width: 1024px) 100vw, 1024px\" \/><\/a> <a href=\"https:\/\/blogsaverroes.juntadeandalucia.es\/ieslagranja\/files\/2023\/06\/er10.jpg\"><img loading=\"lazy\" decoding=\"async\" class=\"size-large wp-image-8396 aligncenter\" src=\"https:\/\/blogsaverroes.juntadeandalucia.es\/ieslagranja\/files\/2023\/06\/er10-1024x1024.jpg\" alt=\"\" width=\"1024\" height=\"1024\" srcset=\"https:\/\/blogsaverroes.juntadeandalucia.es\/ieslagranja\/files\/2023\/06\/er10.jpg 1024w, https:\/\/blogsaverroes.juntadeandalucia.es\/ieslagranja\/files\/2023\/06\/er10-300x300.jpg 300w, https:\/\/blogsaverroes.juntadeandalucia.es\/ieslagranja\/files\/2023\/06\/er10-150x150.jpg 150w, https:\/\/blogsaverroes.juntadeandalucia.es\/ieslagranja\/files\/2023\/06\/er10-768x768.jpg 768w, https:\/\/blogsaverroes.juntadeandalucia.es\/ieslagranja\/files\/2023\/06\/er10-80x80.jpg 80w, https:\/\/blogsaverroes.juntadeandalucia.es\/ieslagranja\/files\/2023\/06\/er10-320x320.jpg 320w\" sizes=\"(max-width: 1024px) 100vw, 1024px\" \/><\/a> <a href=\"https:\/\/blogsaverroes.juntadeandalucia.es\/ieslagranja\/files\/2023\/06\/er11.jpg\"><img loading=\"lazy\" decoding=\"async\" class=\"size-large wp-image-8397 aligncenter\" src=\"https:\/\/blogsaverroes.juntadeandalucia.es\/ieslagranja\/files\/2023\/06\/er11.jpg\" alt=\"\" width=\"768\" height=\"1024\" srcset=\"https:\/\/blogsaverroes.juntadeandalucia.es\/ieslagranja\/files\/2023\/06\/er11.jpg 768w, https:\/\/blogsaverroes.juntadeandalucia.es\/ieslagranja\/files\/2023\/06\/er11-225x300.jpg 225w\" sizes=\"(max-width: 768px) 100vw, 768px\" \/><\/a> <a href=\"https:\/\/blogsaverroes.juntadeandalucia.es\/ieslagranja\/files\/2023\/06\/er12.jpg\"><img loading=\"lazy\" decoding=\"async\" class=\"size-large wp-image-8398 aligncenter\" src=\"https:\/\/blogsaverroes.juntadeandalucia.es\/ieslagranja\/files\/2023\/06\/er12.jpg\" alt=\"\" width=\"573\" height=\"1024\" srcset=\"https:\/\/blogsaverroes.juntadeandalucia.es\/ieslagranja\/files\/2023\/06\/er12.jpg 573w, https:\/\/blogsaverroes.juntadeandalucia.es\/ieslagranja\/files\/2023\/06\/er12-168x300.jpg 168w\" sizes=\"(max-width: 573px) 100vw, 573px\" \/><\/a><\/p>\n<p><a href=\"https:\/\/blogsaverroes.juntadeandalucia.es\/ieslagranja\/files\/2022\/06\/erasmus-cofinanciado-texto.jpg\"><img loading=\"lazy\" decoding=\"async\" class=\"alignnone size-full wp-image-6399\" src=\"https:\/\/blogsaverroes.juntadeandalucia.es\/ieslagranja\/files\/2022\/06\/erasmus-cofinanciado-texto.jpg\" alt=\"\" width=\"708\" height=\"150\" srcset=\"https:\/\/blogsaverroes.juntadeandalucia.es\/ieslagranja\/files\/2022\/06\/erasmus-cofinanciado-texto.jpg 708w, https:\/\/blogsaverroes.juntadeandalucia.es\/ieslagranja\/files\/2022\/06\/erasmus-cofinanciado-texto-300x64.jpg 300w\" sizes=\"(max-width: 708px) 100vw, 708px\" \/><\/a> <a href=\"https:\/\/blogsaverroes.juntadeandalucia.es\/ieslagranja\/files\/2022\/06\/erasmus-confinanciado2.png\"><img loading=\"lazy\" decoding=\"async\" class=\"alignnone size-large wp-image-6396\" src=\"https:\/\/blogsaverroes.juntadeandalucia.es\/ieslagranja\/files\/2022\/06\/erasmus-confinanciado2-1024x640.png\" alt=\"\" width=\"1024\" height=\"640\" srcset=\"https:\/\/blogsaverroes.juntadeandalucia.es\/ieslagranja\/files\/2022\/06\/erasmus-confinanciado2-1024x640.png 1024w, https:\/\/blogsaverroes.juntadeandalucia.es\/ieslagranja\/files\/2022\/06\/erasmus-confinanciado2-300x188.png 300w, https:\/\/blogsaverroes.juntadeandalucia.es\/ieslagranja\/files\/2022\/06\/erasmus-confinanciado2-768x480.png 768w, https:\/\/blogsaverroes.juntadeandalucia.es\/ieslagranja\/files\/2022\/06\/erasmus-confinanciado2-1536x960.png 1536w, https:\/\/blogsaverroes.juntadeandalucia.es\/ieslagranja\/files\/2022\/06\/erasmus-confinanciado2.png 1600w\" sizes=\"(max-width: 1024px) 100vw, 1024px\" \/><\/a><\/p>\n","protected":false},"excerpt":{"rendered":"<p>Diferentes empresas del sector de Imagen y Sonido y centros educativos de Estudios Art\u00edsticos han servido de formaci\u00f3n para las profesoras del centro, que van a poner en pr\u00e1ctica todo lo aprendido el pr\u00f3ximo&#46;&#46;&#46;<\/p>\n","protected":false},"author":11116,"featured_media":8395,"comment_status":"closed","ping_status":"closed","sticky":false,"template":"","format":"standard","meta":{"ngg_post_thumbnail":0,"footnotes":""},"categories":[2351685],"tags":[],"aioseo_notices":[],"_links":{"self":[{"href":"https:\/\/blogsaverroes.juntadeandalucia.es\/ieslagranja\/wp-json\/wp\/v2\/posts\/8386"}],"collection":[{"href":"https:\/\/blogsaverroes.juntadeandalucia.es\/ieslagranja\/wp-json\/wp\/v2\/posts"}],"about":[{"href":"https:\/\/blogsaverroes.juntadeandalucia.es\/ieslagranja\/wp-json\/wp\/v2\/types\/post"}],"author":[{"embeddable":true,"href":"https:\/\/blogsaverroes.juntadeandalucia.es\/ieslagranja\/wp-json\/wp\/v2\/users\/11116"}],"replies":[{"embeddable":true,"href":"https:\/\/blogsaverroes.juntadeandalucia.es\/ieslagranja\/wp-json\/wp\/v2\/comments?post=8386"}],"version-history":[{"count":5,"href":"https:\/\/blogsaverroes.juntadeandalucia.es\/ieslagranja\/wp-json\/wp\/v2\/posts\/8386\/revisions"}],"predecessor-version":[{"id":8404,"href":"https:\/\/blogsaverroes.juntadeandalucia.es\/ieslagranja\/wp-json\/wp\/v2\/posts\/8386\/revisions\/8404"}],"wp:featuredmedia":[{"embeddable":true,"href":"https:\/\/blogsaverroes.juntadeandalucia.es\/ieslagranja\/wp-json\/wp\/v2\/media\/8395"}],"wp:attachment":[{"href":"https:\/\/blogsaverroes.juntadeandalucia.es\/ieslagranja\/wp-json\/wp\/v2\/media?parent=8386"}],"wp:term":[{"taxonomy":"category","embeddable":true,"href":"https:\/\/blogsaverroes.juntadeandalucia.es\/ieslagranja\/wp-json\/wp\/v2\/categories?post=8386"},{"taxonomy":"post_tag","embeddable":true,"href":"https:\/\/blogsaverroes.juntadeandalucia.es\/ieslagranja\/wp-json\/wp\/v2\/tags?post=8386"}],"curies":[{"name":"wp","href":"https:\/\/api.w.org\/{rel}","templated":true}]}}