{"id":9602,"date":"2024-03-22T10:58:43","date_gmt":"2024-03-22T08:58:43","guid":{"rendered":"https:\/\/blogsaverroes.juntadeandalucia.es\/ieslagranja\/?p=9602"},"modified":"2025-02-04T14:22:22","modified_gmt":"2025-02-04T12:22:22","slug":"ii-torneo-de-ajedrez-jerez-norte-en-ies-lola-flores","status":"publish","type":"post","link":"https:\/\/blogsaverroes.juntadeandalucia.es\/ieslagranja\/ii-torneo-de-ajedrez-jerez-norte-en-ies-lola-flores\/","title":{"rendered":"Torneos de Ajedrez al final de 2\u00ba trimestre"},"content":{"rendered":"<p style=\"text-align: justify\">El d\u00eda de ayer se jug\u00f3 el II Torneo de Ajedrez \u00abJerez Norte\u00bb en el IES Lola Flores. Nuestro centro fue representado por el profesor Alejandro Vidal y los alumnos Mario G\u00f3mez, Mart\u00edn Fabelo, Jos\u00e9 P\u00e9rez, Marco Rivera, Jes\u00fas Medinilla y Manuel Olmedo de 2\u00ba ESO y Juan Rosillo de 3\u00ba ESO.<\/p>\n<p style=\"text-align: justify\">Fue una jornada de ajedrez estupenda donde se produjeron reencuentros con compa\u00f1eros de otros centros apasionados de este deporte. Debemos felicitar a Mart\u00edn Fabelo que finaliz\u00f3 1\u00ba en la categor\u00eda sub-15 y 2\u00ba en la categor\u00eda absoluta sub-18. \u00a1Enhorabuena a todos los participantes!<\/p>\n<p style=\"text-align: center\"><a href=\"https:\/\/blogsaverroes.juntadeandalucia.es\/ieslagranja\/files\/2024\/03\/aje1.jpg\"><img loading=\"lazy\" decoding=\"async\" class=\"alignnone size-large wp-image-9603\" src=\"https:\/\/blogsaverroes.juntadeandalucia.es\/ieslagranja\/files\/2024\/03\/aje1-1024x768.jpg\" alt=\"\" width=\"1024\" height=\"768\" srcset=\"https:\/\/blogsaverroes.juntadeandalucia.es\/ieslagranja\/files\/2024\/03\/aje1-1024x768.jpg 1024w, https:\/\/blogsaverroes.juntadeandalucia.es\/ieslagranja\/files\/2024\/03\/aje1-300x225.jpg 300w, https:\/\/blogsaverroes.juntadeandalucia.es\/ieslagranja\/files\/2024\/03\/aje1-768x576.jpg 768w, https:\/\/blogsaverroes.juntadeandalucia.es\/ieslagranja\/files\/2024\/03\/aje1-1536x1152.jpg 1536w, https:\/\/blogsaverroes.juntadeandalucia.es\/ieslagranja\/files\/2024\/03\/aje1.jpg 1600w\" sizes=\"(max-width: 1024px) 100vw, 1024px\" \/><\/a> <a href=\"https:\/\/blogsaverroes.juntadeandalucia.es\/ieslagranja\/files\/2024\/03\/aje2.jpg\"><img loading=\"lazy\" decoding=\"async\" class=\"alignnone size-large wp-image-9604\" src=\"https:\/\/blogsaverroes.juntadeandalucia.es\/ieslagranja\/files\/2024\/03\/aje2-1024x768.jpg\" alt=\"\" width=\"1024\" height=\"768\" srcset=\"https:\/\/blogsaverroes.juntadeandalucia.es\/ieslagranja\/files\/2024\/03\/aje2-1024x768.jpg 1024w, https:\/\/blogsaverroes.juntadeandalucia.es\/ieslagranja\/files\/2024\/03\/aje2-300x225.jpg 300w, https:\/\/blogsaverroes.juntadeandalucia.es\/ieslagranja\/files\/2024\/03\/aje2-768x576.jpg 768w, https:\/\/blogsaverroes.juntadeandalucia.es\/ieslagranja\/files\/2024\/03\/aje2-1536x1152.jpg 1536w, https:\/\/blogsaverroes.juntadeandalucia.es\/ieslagranja\/files\/2024\/03\/aje2.jpg 1600w\" sizes=\"(max-width: 1024px) 100vw, 1024px\" \/><\/a> <a href=\"https:\/\/blogsaverroes.juntadeandalucia.es\/ieslagranja\/files\/2024\/03\/aje3.jpg\"><img loading=\"lazy\" decoding=\"async\" class=\"alignnone size-large wp-image-9605\" src=\"https:\/\/blogsaverroes.juntadeandalucia.es\/ieslagranja\/files\/2024\/03\/aje3-1024x768.jpg\" alt=\"\" width=\"1024\" height=\"768\" srcset=\"https:\/\/blogsaverroes.juntadeandalucia.es\/ieslagranja\/files\/2024\/03\/aje3-1024x768.jpg 1024w, https:\/\/blogsaverroes.juntadeandalucia.es\/ieslagranja\/files\/2024\/03\/aje3-300x225.jpg 300w, https:\/\/blogsaverroes.juntadeandalucia.es\/ieslagranja\/files\/2024\/03\/aje3-768x576.jpg 768w, https:\/\/blogsaverroes.juntadeandalucia.es\/ieslagranja\/files\/2024\/03\/aje3-1536x1153.jpg 1536w, https:\/\/blogsaverroes.juntadeandalucia.es\/ieslagranja\/files\/2024\/03\/aje3.jpg 1599w\" sizes=\"(max-width: 1024px) 100vw, 1024px\" \/><\/a><\/p>\n<p>El pasado lunes 18 de marzo finaliz\u00f3 el torneo trimestral disputado entre los estudiantes de 2\u00ba Taller de Ajedrez con el siguiente resultado: 1\u00ba Manuel Olmedo, 2\u00ba Marco Rivera y 3\u00ba Mart\u00edn Fabelo. Enhorabuena a todos.<\/p>\n<p><a href=\"https:\/\/blogsaverroes.juntadeandalucia.es\/ieslagranja\/files\/2024\/03\/ajedrez-2\u00ba-trim.jpg\"><img loading=\"lazy\" decoding=\"async\" class=\"alignnone size-large wp-image-9606\" src=\"https:\/\/blogsaverroes.juntadeandalucia.es\/ieslagranja\/files\/2024\/03\/ajedrez-2\u00ba-trim-1024x768.jpg\" alt=\"\" width=\"1024\" height=\"768\" srcset=\"https:\/\/blogsaverroes.juntadeandalucia.es\/ieslagranja\/files\/2024\/03\/ajedrez-2\u00ba-trim-1024x768.jpg 1024w, https:\/\/blogsaverroes.juntadeandalucia.es\/ieslagranja\/files\/2024\/03\/ajedrez-2\u00ba-trim-300x225.jpg 300w, https:\/\/blogsaverroes.juntadeandalucia.es\/ieslagranja\/files\/2024\/03\/ajedrez-2\u00ba-trim-768x576.jpg 768w, https:\/\/blogsaverroes.juntadeandalucia.es\/ieslagranja\/files\/2024\/03\/ajedrez-2\u00ba-trim-1536x1152.jpg 1536w, https:\/\/blogsaverroes.juntadeandalucia.es\/ieslagranja\/files\/2024\/03\/ajedrez-2\u00ba-trim.jpg 1600w\" sizes=\"(max-width: 1024px) 100vw, 1024px\" \/><\/a><\/p>\n","protected":false},"excerpt":{"rendered":"<p>El d\u00eda de ayer se jug\u00f3 el II Torneo de Ajedrez \u00abJerez Norte\u00bb en el IES Lola Flores. Nuestro centro fue representado por el profesor Alejandro Vidal y los alumnos Mario G\u00f3mez, Mart\u00edn Fabelo,&#46;&#46;&#46;<\/p>\n","protected":false},"author":11116,"featured_media":9604,"comment_status":"closed","ping_status":"closed","sticky":false,"template":"","format":"standard","meta":{"ngg_post_thumbnail":0,"footnotes":""},"categories":[2351670,2351699,2351693],"tags":[],"aioseo_notices":[],"_links":{"self":[{"href":"https:\/\/blogsaverroes.juntadeandalucia.es\/ieslagranja\/wp-json\/wp\/v2\/posts\/9602"}],"collection":[{"href":"https:\/\/blogsaverroes.juntadeandalucia.es\/ieslagranja\/wp-json\/wp\/v2\/posts"}],"about":[{"href":"https:\/\/blogsaverroes.juntadeandalucia.es\/ieslagranja\/wp-json\/wp\/v2\/types\/post"}],"author":[{"embeddable":true,"href":"https:\/\/blogsaverroes.juntadeandalucia.es\/ieslagranja\/wp-json\/wp\/v2\/users\/11116"}],"replies":[{"embeddable":true,"href":"https:\/\/blogsaverroes.juntadeandalucia.es\/ieslagranja\/wp-json\/wp\/v2\/comments?post=9602"}],"version-history":[{"count":4,"href":"https:\/\/blogsaverroes.juntadeandalucia.es\/ieslagranja\/wp-json\/wp\/v2\/posts\/9602\/revisions"}],"predecessor-version":[{"id":9615,"href":"https:\/\/blogsaverroes.juntadeandalucia.es\/ieslagranja\/wp-json\/wp\/v2\/posts\/9602\/revisions\/9615"}],"wp:featuredmedia":[{"embeddable":true,"href":"https:\/\/blogsaverroes.juntadeandalucia.es\/ieslagranja\/wp-json\/wp\/v2\/media\/9604"}],"wp:attachment":[{"href":"https:\/\/blogsaverroes.juntadeandalucia.es\/ieslagranja\/wp-json\/wp\/v2\/media?parent=9602"}],"wp:term":[{"taxonomy":"category","embeddable":true,"href":"https:\/\/blogsaverroes.juntadeandalucia.es\/ieslagranja\/wp-json\/wp\/v2\/categories?post=9602"},{"taxonomy":"post_tag","embeddable":true,"href":"https:\/\/blogsaverroes.juntadeandalucia.es\/ieslagranja\/wp-json\/wp\/v2\/tags?post=9602"}],"curies":[{"name":"wp","href":"https:\/\/api.w.org\/{rel}","templated":true}]}}