{"id":9610,"date":"2024-04-01T09:05:23","date_gmt":"2024-04-01T07:05:23","guid":{"rendered":"https:\/\/blogsaverroes.juntadeandalucia.es\/ieslagranja\/?p=9610"},"modified":"2024-04-01T09:05:23","modified_gmt":"2024-04-01T07:05:23","slug":"olimpiadas-de-economia-de-la-universidad-de-cadiz","status":"publish","type":"post","link":"https:\/\/blogsaverroes.juntadeandalucia.es\/ieslagranja\/olimpiadas-de-economia-de-la-universidad-de-cadiz\/","title":{"rendered":"Olimpiadas de Econom\u00eda de la Universidad de C\u00e1diz"},"content":{"rendered":"<p style=\"text-align: justify\">El pasado viernes 22 de marzo se celebraron de manera simult\u00e1nea en todos los campus de la Universidad de C\u00e1diz las olimpiadas de econom\u00eda.<\/p>\n<p style=\"text-align: justify\">En el Campus de Jerez, nuestro equipo de econom\u00eda de 2\u00b0 Bachillerato SOC\/HUM formado por Carlos Mu\u00f1oz, Ariadne Soto, Cristina Medinilla, Rafael Montero y Laura C\u00e1rdenas, se enfrent\u00f3 a un examen similar al que deber\u00e1n afrontar en la pr\u00f3xima PEvAU. Acompa\u00f1ados por su compa\u00f1ero Iv\u00e1n P\u00e9rez y su profesor Francisco Flores, las sensaciones al salir de la prueba fueron buenas a pesar de que los nervios estuvieron presentes en algunos momentos.<\/p>\n<p style=\"text-align: justify\">Enhorabuena por la participaci\u00f3n.<\/p>\n<p style=\"text-align: center\"><a href=\"https:\/\/blogsaverroes.juntadeandalucia.es\/ieslagranja\/files\/2024\/04\/eco1.jpg\"><img loading=\"lazy\" decoding=\"async\" class=\"alignnone size-large wp-image-9611\" src=\"https:\/\/blogsaverroes.juntadeandalucia.es\/ieslagranja\/files\/2024\/04\/eco1-768x1024.jpg\" alt=\"\" width=\"768\" height=\"1024\" srcset=\"https:\/\/blogsaverroes.juntadeandalucia.es\/ieslagranja\/files\/2024\/04\/eco1-768x1024.jpg 768w, https:\/\/blogsaverroes.juntadeandalucia.es\/ieslagranja\/files\/2024\/04\/eco1-225x300.jpg 225w, https:\/\/blogsaverroes.juntadeandalucia.es\/ieslagranja\/files\/2024\/04\/eco1-1152x1536.jpg 1152w, https:\/\/blogsaverroes.juntadeandalucia.es\/ieslagranja\/files\/2024\/04\/eco1.jpg 1200w\" sizes=\"(max-width: 768px) 100vw, 768px\" \/><\/a><\/p>\n","protected":false},"excerpt":{"rendered":"<p>El pasado viernes 22 de marzo se celebraron de manera simult\u00e1nea en todos los campus de la Universidad de C\u00e1diz las olimpiadas de econom\u00eda. En el Campus de Jerez, nuestro equipo de econom\u00eda de&#46;&#46;&#46;<\/p>\n","protected":false},"author":11116,"featured_media":9611,"comment_status":"closed","ping_status":"closed","sticky":false,"template":"","format":"standard","meta":{"ngg_post_thumbnail":0,"footnotes":""},"categories":[25497,2351693],"tags":[],"aioseo_notices":[],"_links":{"self":[{"href":"https:\/\/blogsaverroes.juntadeandalucia.es\/ieslagranja\/wp-json\/wp\/v2\/posts\/9610"}],"collection":[{"href":"https:\/\/blogsaverroes.juntadeandalucia.es\/ieslagranja\/wp-json\/wp\/v2\/posts"}],"about":[{"href":"https:\/\/blogsaverroes.juntadeandalucia.es\/ieslagranja\/wp-json\/wp\/v2\/types\/post"}],"author":[{"embeddable":true,"href":"https:\/\/blogsaverroes.juntadeandalucia.es\/ieslagranja\/wp-json\/wp\/v2\/users\/11116"}],"replies":[{"embeddable":true,"href":"https:\/\/blogsaverroes.juntadeandalucia.es\/ieslagranja\/wp-json\/wp\/v2\/comments?post=9610"}],"version-history":[{"count":1,"href":"https:\/\/blogsaverroes.juntadeandalucia.es\/ieslagranja\/wp-json\/wp\/v2\/posts\/9610\/revisions"}],"predecessor-version":[{"id":9612,"href":"https:\/\/blogsaverroes.juntadeandalucia.es\/ieslagranja\/wp-json\/wp\/v2\/posts\/9610\/revisions\/9612"}],"wp:featuredmedia":[{"embeddable":true,"href":"https:\/\/blogsaverroes.juntadeandalucia.es\/ieslagranja\/wp-json\/wp\/v2\/media\/9611"}],"wp:attachment":[{"href":"https:\/\/blogsaverroes.juntadeandalucia.es\/ieslagranja\/wp-json\/wp\/v2\/media?parent=9610"}],"wp:term":[{"taxonomy":"category","embeddable":true,"href":"https:\/\/blogsaverroes.juntadeandalucia.es\/ieslagranja\/wp-json\/wp\/v2\/categories?post=9610"},{"taxonomy":"post_tag","embeddable":true,"href":"https:\/\/blogsaverroes.juntadeandalucia.es\/ieslagranja\/wp-json\/wp\/v2\/tags?post=9610"}],"curies":[{"name":"wp","href":"https:\/\/api.w.org\/{rel}","templated":true}]}}