{"id":9886,"date":"2024-05-15T11:45:54","date_gmt":"2024-05-15T09:45:54","guid":{"rendered":"https:\/\/blogsaverroes.juntadeandalucia.es\/ieslagranja\/?p=9886"},"modified":"2024-05-15T11:45:54","modified_gmt":"2024-05-15T09:45:54","slug":"ponencia-taller","status":"publish","type":"post","link":"https:\/\/blogsaverroes.juntadeandalucia.es\/ieslagranja\/ponencia-taller\/","title":{"rendered":"Ponencia Taller: \u00abPornosocializaci\u00f3n y su\u00a0influencia en la violencia sexual\u00bb"},"content":{"rendered":"<p>Estimadas familias:&nbsp;<\/p>\n<p style=\"text-align: justify\">Me dirijo a vosotras\/os para informaros sobre la realizaci\u00f3n de una ponencia-taller&nbsp;en nuestro centro el pr\u00f3ximo<strong>&nbsp;martes 21 de mayo, de 16.30h a 19.30h.&nbsp;<\/strong>Dicha actividad versar\u00e1 sobre el tema de la&nbsp;<em>\u00ab<a href=\"https:\/\/blogsaverroes.juntadeandalucia.es\/ieslagranja\/files\/2024\/05\/Ponencia-Carmen-Ruiz-Repullo.pdf\">Pornosocializaci\u00f3n y su influencia en la violencia sexual\u00bb<\/a><\/em>, y la misma correr\u00e1 a cargo de una de las personas m\u00e1s formadas y expertas en el tema: Carmen Ruiz Repollo.<\/p>\n<p style=\"text-align: justify\">Esta iniciativa surge a partir de la conciencia y preocupaci\u00f3n que desde nuestro centro y otros centros educativos estamos teniendo sobre la facilidad de acceso a contenidos digitales de pornograf\u00eda y sexo que nuestros adolescentes demuestran tener a trav\u00e9s del uso que est\u00e1n haciendo de los m\u00f3viles, redes sociales e internet.<\/p>\n<p style=\"text-align: justify\">La formaci\u00f3n que os ofrecemos se ha hecho posible gracias al trabajo y la organizaci\u00f3n de las coordinadoras de Coeducaci\u00f3n de nuestro centro-Sonia Mart\u00edn-Ni\u00f1o Bernal- y del IES Caballero Bonald- Ruth Blanco Cort\u00e9s-.&nbsp;<\/p>\n<p style=\"text-align: justify\">Desde aqu\u00ed os animo a que particip\u00e9is con vuestra asistencia. La formaci\u00f3n de nuestros adolescentes necesita de vuestra implicaci\u00f3n y de la colaboraci\u00f3n mutua entre las familias y el centro educativo.&nbsp;<\/p>\n<p>Os esperamos.&nbsp;<\/p>\n<p>Gracias<\/p>\n<p>Un abrazo<\/p>\n<p>Carmen Torres Beldarrain<\/p>\n<p>Directora&nbsp;<\/p>\n<p><strong>Se ruega confirmaci\u00f3n de asistencia por iPASEN para prever aforo.<\/strong><\/p>\n<p style=\"text-align: center\"><a href=\"https:\/\/blogsaverroes.juntadeandalucia.es\/ieslagranja\/files\/2024\/05\/cartel-ponencia.jpeg\"><img loading=\"lazy\" decoding=\"async\" class=\"alignnone size-large wp-image-9887\" src=\"https:\/\/blogsaverroes.juntadeandalucia.es\/ieslagranja\/files\/2024\/05\/cartel-ponencia-724x1024.jpeg\" alt=\"\" width=\"724\" height=\"1024\" srcset=\"https:\/\/blogsaverroes.juntadeandalucia.es\/ieslagranja\/files\/2024\/05\/cartel-ponencia-724x1024.jpeg 724w, https:\/\/blogsaverroes.juntadeandalucia.es\/ieslagranja\/files\/2024\/05\/cartel-ponencia-212x300.jpeg 212w, https:\/\/blogsaverroes.juntadeandalucia.es\/ieslagranja\/files\/2024\/05\/cartel-ponencia-768x1086.jpeg 768w, https:\/\/blogsaverroes.juntadeandalucia.es\/ieslagranja\/files\/2024\/05\/cartel-ponencia-1086x1536.jpeg 1086w, https:\/\/blogsaverroes.juntadeandalucia.es\/ieslagranja\/files\/2024\/05\/cartel-ponencia.jpeg 1131w\" sizes=\"(max-width: 724px) 100vw, 724px\" \/><\/a><\/p>\n","protected":false},"excerpt":{"rendered":"<p>Estimadas familias:&nbsp; Me dirijo a vosotras\/os para informaros sobre la realizaci\u00f3n de una ponencia-taller&nbsp;en nuestro centro el pr\u00f3ximo&nbsp;martes 21 de mayo, de 16.30h a 19.30h.&nbsp;Dicha actividad versar\u00e1 sobre el tema de la&nbsp;\u00abPornosocializaci\u00f3n y su&#46;&#46;&#46;<\/p>\n","protected":false},"author":11116,"featured_media":9887,"comment_status":"closed","ping_status":"closed","sticky":false,"template":"","format":"standard","meta":{"ngg_post_thumbnail":0,"footnotes":""},"categories":[2351649],"tags":[],"aioseo_notices":[],"_links":{"self":[{"href":"https:\/\/blogsaverroes.juntadeandalucia.es\/ieslagranja\/wp-json\/wp\/v2\/posts\/9886"}],"collection":[{"href":"https:\/\/blogsaverroes.juntadeandalucia.es\/ieslagranja\/wp-json\/wp\/v2\/posts"}],"about":[{"href":"https:\/\/blogsaverroes.juntadeandalucia.es\/ieslagranja\/wp-json\/wp\/v2\/types\/post"}],"author":[{"embeddable":true,"href":"https:\/\/blogsaverroes.juntadeandalucia.es\/ieslagranja\/wp-json\/wp\/v2\/users\/11116"}],"replies":[{"embeddable":true,"href":"https:\/\/blogsaverroes.juntadeandalucia.es\/ieslagranja\/wp-json\/wp\/v2\/comments?post=9886"}],"version-history":[{"count":1,"href":"https:\/\/blogsaverroes.juntadeandalucia.es\/ieslagranja\/wp-json\/wp\/v2\/posts\/9886\/revisions"}],"predecessor-version":[{"id":9889,"href":"https:\/\/blogsaverroes.juntadeandalucia.es\/ieslagranja\/wp-json\/wp\/v2\/posts\/9886\/revisions\/9889"}],"wp:featuredmedia":[{"embeddable":true,"href":"https:\/\/blogsaverroes.juntadeandalucia.es\/ieslagranja\/wp-json\/wp\/v2\/media\/9887"}],"wp:attachment":[{"href":"https:\/\/blogsaverroes.juntadeandalucia.es\/ieslagranja\/wp-json\/wp\/v2\/media?parent=9886"}],"wp:term":[{"taxonomy":"category","embeddable":true,"href":"https:\/\/blogsaverroes.juntadeandalucia.es\/ieslagranja\/wp-json\/wp\/v2\/categories?post=9886"},{"taxonomy":"post_tag","embeddable":true,"href":"https:\/\/blogsaverroes.juntadeandalucia.es\/ieslagranja\/wp-json\/wp\/v2\/tags?post=9886"}],"curies":[{"name":"wp","href":"https:\/\/api.w.org\/{rel}","templated":true}]}}