{"id":9928,"date":"2024-05-23T11:10:27","date_gmt":"2024-05-23T09:10:27","guid":{"rendered":"https:\/\/blogsaverroes.juntadeandalucia.es\/ieslagranja\/?p=9928"},"modified":"2024-06-18T23:50:16","modified_gmt":"2024-06-18T21:50:16","slug":"acredita-2024","status":"publish","type":"post","link":"https:\/\/blogsaverroes.juntadeandalucia.es\/ieslagranja\/acredita-2024\/","title":{"rendered":"Acredita 2024"},"content":{"rendered":"<p style=\"text-align: center\"><a href=\"https:\/\/blogsaverroes.juntadeandalucia.es\/ieslagranja\/files\/2024\/05\/acredita24cab.jpg\"><img loading=\"lazy\" decoding=\"async\" class=\"alignnone size-large wp-image-9930\" src=\"https:\/\/blogsaverroes.juntadeandalucia.es\/ieslagranja\/files\/2024\/05\/acredita24cab-1024x119.jpg\" alt=\"\" width=\"1024\" height=\"119\" srcset=\"https:\/\/blogsaverroes.juntadeandalucia.es\/ieslagranja\/files\/2024\/05\/acredita24cab-1024x119.jpg 1024w, https:\/\/blogsaverroes.juntadeandalucia.es\/ieslagranja\/files\/2024\/05\/acredita24cab-300x35.jpg 300w, https:\/\/blogsaverroes.juntadeandalucia.es\/ieslagranja\/files\/2024\/05\/acredita24cab-768x89.jpg 768w, https:\/\/blogsaverroes.juntadeandalucia.es\/ieslagranja\/files\/2024\/05\/acredita24cab.jpg 1248w\" sizes=\"(max-width: 1024px) 100vw, 1024px\" \/><\/a><\/p>\n<p style=\"text-align: justify\">Ya ha comenzado la nueva convocatoria de Acredita 2024.&nbsp;<\/p>\n<p style=\"text-align: justify\">Durante el mes de mayo se enviar\u00e1n las notificaciones provisionales y definitivas de admitidos y excluidos en el programa Acredita.<\/p>\n<p style=\"text-align: justify\">Toda la informaci\u00f3n al respecto, as\u00ed como todo lo referente a la&nbsp;inscripci\u00f3n en el procedimiento, puedes consultarla en el&nbsp;Instituto Andaluz de Cualificaciones Profesionales (IACP) o a&nbsp;trav\u00e9s del siguiente enlace:<\/p>\n<p style=\"text-align: justify\"><a href=\"https:\/\/www.juntadeandalucia.es\/educacion\/portals\/web\/iacp\/convocatorias\">https:\/\/www.juntadeandalucia.es\/educacion\/portals\/web\/iacp\/convocatorias<\/a><\/p>\n<p style=\"text-align: justify\">&nbsp;<\/p>\n<p style=\"text-align: justify\">Y si quieres conocer m\u00e1s sobre ACREDITA (requisitos,&nbsp;inscripci\u00f3n, etc.) puedes descargar el&nbsp;<a href=\"https:\/\/blogsaverroes.juntadeandalucia.es\/ieslagranja\/files\/2024\/04\/Diptico-Acredita-C20I1-PRTR.pdf\">siguiente d\u00edptico.<\/a><\/p>\n<p><a href=\"https:\/\/blogsaverroes.juntadeandalucia.es\/ieslagranja\/files\/2024\/05\/acredita24pie.jpg\"><img loading=\"lazy\" decoding=\"async\" class=\"alignnone size-large wp-image-9931\" src=\"https:\/\/blogsaverroes.juntadeandalucia.es\/ieslagranja\/files\/2024\/05\/acredita24pie-1024x126.jpg\" alt=\"\" width=\"1024\" height=\"126\" srcset=\"https:\/\/blogsaverroes.juntadeandalucia.es\/ieslagranja\/files\/2024\/05\/acredita24pie-1024x126.jpg 1024w, https:\/\/blogsaverroes.juntadeandalucia.es\/ieslagranja\/files\/2024\/05\/acredita24pie-300x37.jpg 300w, https:\/\/blogsaverroes.juntadeandalucia.es\/ieslagranja\/files\/2024\/05\/acredita24pie-768x95.jpg 768w, https:\/\/blogsaverroes.juntadeandalucia.es\/ieslagranja\/files\/2024\/05\/acredita24pie.jpg 1161w\" sizes=\"(max-width: 1024px) 100vw, 1024px\" \/><\/a><\/p>\n","protected":false},"excerpt":{"rendered":"<p>Ya ha comenzado la nueva convocatoria de Acredita 2024.&nbsp; Durante el mes de mayo se enviar\u00e1n las notificaciones provisionales y definitivas de admitidos y excluidos en el programa Acredita. Toda la informaci\u00f3n al respecto,&#46;&#46;&#46;<\/p>\n","protected":false},"author":11116,"featured_media":9891,"comment_status":"closed","ping_status":"closed","sticky":false,"template":"","format":"standard","meta":{"ngg_post_thumbnail":0,"footnotes":""},"categories":[2351696,526],"tags":[],"aioseo_notices":[],"_links":{"self":[{"href":"https:\/\/blogsaverroes.juntadeandalucia.es\/ieslagranja\/wp-json\/wp\/v2\/posts\/9928"}],"collection":[{"href":"https:\/\/blogsaverroes.juntadeandalucia.es\/ieslagranja\/wp-json\/wp\/v2\/posts"}],"about":[{"href":"https:\/\/blogsaverroes.juntadeandalucia.es\/ieslagranja\/wp-json\/wp\/v2\/types\/post"}],"author":[{"embeddable":true,"href":"https:\/\/blogsaverroes.juntadeandalucia.es\/ieslagranja\/wp-json\/wp\/v2\/users\/11116"}],"replies":[{"embeddable":true,"href":"https:\/\/blogsaverroes.juntadeandalucia.es\/ieslagranja\/wp-json\/wp\/v2\/comments?post=9928"}],"version-history":[{"count":3,"href":"https:\/\/blogsaverroes.juntadeandalucia.es\/ieslagranja\/wp-json\/wp\/v2\/posts\/9928\/revisions"}],"predecessor-version":[{"id":10038,"href":"https:\/\/blogsaverroes.juntadeandalucia.es\/ieslagranja\/wp-json\/wp\/v2\/posts\/9928\/revisions\/10038"}],"wp:featuredmedia":[{"embeddable":true,"href":"https:\/\/blogsaverroes.juntadeandalucia.es\/ieslagranja\/wp-json\/wp\/v2\/media\/9891"}],"wp:attachment":[{"href":"https:\/\/blogsaverroes.juntadeandalucia.es\/ieslagranja\/wp-json\/wp\/v2\/media?parent=9928"}],"wp:term":[{"taxonomy":"category","embeddable":true,"href":"https:\/\/blogsaverroes.juntadeandalucia.es\/ieslagranja\/wp-json\/wp\/v2\/categories?post=9928"},{"taxonomy":"post_tag","embeddable":true,"href":"https:\/\/blogsaverroes.juntadeandalucia.es\/ieslagranja\/wp-json\/wp\/v2\/tags?post=9928"}],"curies":[{"name":"wp","href":"https:\/\/api.w.org\/{rel}","templated":true}]}}